{"id":99827,"date":"2016-12-01T23:23:39","date_gmt":"2016-12-02T02:23:39","guid":{"rendered":"http:\/\/notinor.com\/jujuy\/?p=99827"},"modified":"2016-12-02T11:43:36","modified_gmt":"2016-12-02T14:43:36","slug":"haquim-contraataca","status":"publish","type":"post","link":"https:\/\/notinor.com\/jujuy\/haquim-contraataca\/","title":{"rendered":"Haquim contraataca"},"content":{"rendered":"<p style=\"text-align: justify;\"><a href=\"http:\/\/notinor.com\/jujuy\/wp-content\/uploads\/2016\/12\/haquim.jpg\"><img decoding=\"async\" loading=\"lazy\" class=\"alignnone size-full wp-image-99828\" src=\"http:\/\/notinor.com\/jujuy\/wp-content\/uploads\/2016\/12\/haquim.jpg\" alt=\"haquim\" width=\"780\" height=\"400\" srcset=\"https:\/\/notinor.com\/jujuy\/wp-content\/uploads\/2016\/12\/haquim.jpg 780w, https:\/\/notinor.com\/jujuy\/wp-content\/uploads\/2016\/12\/haquim-300x154.jpg 300w\" sizes=\"(max-width: 780px) 100vw, 780px\" \/><\/a><\/p>\n<p style=\"text-align: justify;\">\u201cYo lo considerar\u00eda como el intento de un sector minoritario del Consejo Nacional que intenta modificar una situaci\u00f3n fundament\u00e1ndose en la normalizaci\u00f3n del Partido Justicialista Distrito Jujuy\u201d, consider\u00f3 Haquim.<\/p>\n<p style=\"text-align: justify;\">Para el vicegobernador de la provincia, este nuevo embate del Frente para la Victoria es un verdadero sinsentido, \u201cYo creo que el partido est\u00e1 normalizado; se sustenta esta posici\u00f3n en las tres instancias judiciales que nos han consolidado como autoridades partidarias despu\u00e9s de las elecciones internas llevadas a cabo, por lo tanto pretender normalizar algo que est\u00e1 normalizado no corresponde\u201d.<\/p>\n<p style=\"text-align: justify;\">El presidente del PJ Distrito Jujuy apunt\u00f3 a la ilegitimidad de la resoluci\u00f3n por estar fuera de los m\u00e1rgenes que delimita la Carta Org\u00e1nica Partidaria , \u201c Adem\u00e1s, este sector minoritario del Consejo tampoco cuenta con facultades que otorgue la Carta Org\u00e1nica partidaria como para llevar adelante el acto que han realizado; primero sin motivaci\u00f3n y segundo sin facultad para realizarlo\u201d.<\/p>\n<p style=\"text-align: justify;\">En este sentido se\u00f1al\u00f3 que una intervenci\u00f3n partidaria solo puede ser resuelta por el Congreso y no por el \u00f3rgano ejecutivo, \u201cesto est\u00e1 reservado en la Carta Org\u00e1nica al Congreso Partidario\u201d.\u00a0 A esto agreg\u00f3, \u201cme parece que es un acto nulo, del cual no he sido notificado todav\u00eda\u201d.<\/p>\n<p style=\"text-align: justify;\">Haquim adelant\u00f3 a <strong>NOTINOR.COM<\/strong> que recurrir\u00e1n a la Justicia para resolver este nuevo obst\u00e1culo que le pone delante el Frente para la Victoria para arrebatarle el Partido Justicialista, luego de las hist\u00f3ricas elecciones internas que lo consagraron como presidente del Distrito Jujuy luego de 9 a\u00f1os sin democracia interna, \u201c la decisi\u00f3n que tenemos es recurrir a la Justicia para que dilucide este nueva situaci\u00f3n que plantea un sector desestabilizante de un espacio pol\u00edtico del Frente para la Victoria que ha estado permanentemente intentando, fruto de acciones como esta, volver a apoderarse de nuestro Partido Justicialista\u201d.<\/p>\n<p style=\"text-align: justify;\">Consultado sobre la oportunidad y motivos de la decisi\u00f3n de la mesa nacional justicialista, Haquim resumi\u00f3 los resumi\u00f3 en dos causas:\u00a0 uno vinculado a la pol\u00edtica nacional , por la identificaci\u00f3n de las autoridades electas en el PJ juje\u00f1o con Sergio Massa ; y el otro en el \u00e1nimo de producir un da\u00f1o a la gesti\u00f3n de gobierno del Gerardo Morales.<\/p>\n<p style=\"text-align: justify;\">\u201cCreo que se ha especulado, en estos sectores residuales del Frente para la Victoria que se han quedado en el Partido Justicialista, sobre lo que es la relaci\u00f3n con Sergio Massa, visualizando la imposibilidad de un acercamiento a Sergio.\u00a0 Me parece que habiendo visualizado la realidad en la que se mueve el Frente Renovador y los posibles acuerdos con Margarita Stolbizer\u201d.<\/p>\n<p style=\"text-align: justify;\">En este sentido consider\u00f3, \u201cest\u00e1n tratando de quitarle un distrito que responde a Sergio Massa y al Frente Renovador\u201d, para castigarlo por la intransigencia de Massa a pactar con el kirchnerismo.<\/p>\n<p style=\"text-align: justify;\">Sobre el segundo motivo, Haquim record\u00f3 la reuni\u00f3n que mantuvo en d\u00edas pasados con Jos\u00e9 Luis Gioja, en la que se le adelant\u00f3 que buscaban mellar una figura radical de proyecci\u00f3n nacional como la del gobernador juje\u00f1o mediante una oposici\u00f3n desestabilizante, \u201cpor el otro lado est\u00e1 la manifestaci\u00f3n concreta que me ha hecho el se\u00f1or Gioja en una reuni\u00f3n en la que le solicit\u00f3 a Sergio Massa una reuni\u00f3n conmigo, en la cual me manifest\u00f3 concretamente que yo no pod\u00eda estar al frente del Partido Justicialista, que necesitaban el partido para hacer una oposici\u00f3n al Gobierno de la provincia y desgastar la figura de nuestro gobernador porque era un dirigente radical con proyecci\u00f3n nacional\u201d.<\/p>\n<p style=\"text-align: justify;\">Al respecto Haquim se mantiene firme en su apoyo al gobernador Morales y asegur\u00f3 que no se prestar\u00e1 ante estas intentonas antidemocr\u00e1ticas, \u201cnosotros no lo vamos a permitir de ninguna manera porque ser\u00eda poner en riesgo todo lo que construimos en la provincia desde este espacio pol\u00edtico que conformamos peronistas y radicales en defensa de la gente de Jujuy\u201d.<\/p>\n<p style=\"text-align: justify;\">El presidente del PJ juje\u00f1o asegur\u00f3 que recibi\u00f3 apoyo de parte de otros distritos justicialistas a nivel nacional, \u201chemos hablado con muchos integrantes de este Consejo Nacional que no ten\u00edan ni conocimiento de la situaci\u00f3n, no hab\u00edan sido convocados a ninguna reuni\u00f3n del consejo, qued\u00f3 limitado a un grupo residual del Frente para la Victoria que ha tomado este espacio dentro del Consejo Nacional y que lo ha hecho m\u00e1s por amiguismo y relaciones del pasado que por una cuesti\u00f3n pol\u00edtica o jur\u00eddica\u201d.<\/p>\n<p style=\"text-align: justify;\">Carlos Haquim finaliz\u00f3 reiterando el rechazo que gener\u00f3 la arbitraria e ileg\u00edtima decisi\u00f3n de un sector minoritario encamarado en el \u00f3rgano ejecutivo del Partido Justicialista:\u00a0 \u201cRechazamos este tipo de expresiones, de actitudes, y vamos a hacer las presentaciones que correspondan ante la Justicia para revertir esta posibilidad de intervenci\u00f3n de la que nos hemos enterado por los medios.<\/p>\n<h2 style=\"text-align: justify;\">EL INTERVENTOR TUPAQUERO<\/h2>\n<p style=\"text-align: justify;\">El elegido por la mesa de conducci\u00f3n nacional del Partido Justicialista para la intervenci\u00f3n del Distrito Jujuy, es un ex gobernador de Mendoza, muy cercano a la organizaci\u00f3n Tupac Amaru, ya que durante su gobern\u00f3 se reprodujo, en su provincia, el modelo clientelar de Milagro Sala y el kirchnerismo.<\/p>\n<p style=\"text-align: justify;\">Al parecer, el designado interventor tupaquero, no solo reprodujo el modelo asistencialista de la mendicidad y la estafa a los pobres, sino tambi\u00e9n el modus operandi del desv\u00edo de fondos y fraude millonario con la obra p\u00fablica.<\/p>\n<p style=\"text-align: justify;\">\u201cCelso\u00a0Jaque es parte de la Tupac Amaru, es parte del pasado de un Jujuy violento, de conmoci\u00f3n, de corrupci\u00f3n, del robo a los que menos tienen, del despojo a los despose\u00eddos\u201d, destac\u00f3 Haquim, y sentenci\u00f3, \u201ces el elegido y la fiel expresi\u00f3n de esta conducci\u00f3n nacional\u201d.<\/p>\n","protected":false},"excerpt":{"rendered":"<p>\u201cYo lo considerar\u00eda como el intento de un sector minoritario del Consejo Nacional que intenta modificar una situaci\u00f3n fundament\u00e1ndose en la normalizaci\u00f3n del Partido Justicialista Distrito Jujuy\u201d, consider\u00f3 Haquim. Para el vicegobernador de la provincia, este nuevo embate del Frente para la Victoria es un verdadero sinsentido, \u201cYo creo que el partido est\u00e1 normalizado; se [&hellip;]<\/p>\n","protected":false},"author":1,"featured_media":99828,"comment_status":"open","ping_status":"open","sticky":false,"template":"","format":"standard","meta":{"_stopmodifiedupdate":false,"_modified_date":"","inline_featured_image":false},"categories":[493],"tags":[],"jetpack_featured_media_url":"https:\/\/notinor.com\/jujuy\/wp-content\/uploads\/2016\/12\/haquim.jpg","_links":{"self":[{"href":"https:\/\/notinor.com\/jujuy\/wp-json\/wp\/v2\/posts\/99827"}],"collection":[{"href":"https:\/\/notinor.com\/jujuy\/wp-json\/wp\/v2\/posts"}],"about":[{"href":"https:\/\/notinor.com\/jujuy\/wp-json\/wp\/v2\/types\/post"}],"author":[{"embeddable":true,"href":"https:\/\/notinor.com\/jujuy\/wp-json\/wp\/v2\/users\/1"}],"replies":[{"embeddable":true,"href":"https:\/\/notinor.com\/jujuy\/wp-json\/wp\/v2\/comments?post=99827"}],"version-history":[{"count":5,"href":"https:\/\/notinor.com\/jujuy\/wp-json\/wp\/v2\/posts\/99827\/revisions"}],"predecessor-version":[{"id":99867,"href":"https:\/\/notinor.com\/jujuy\/wp-json\/wp\/v2\/posts\/99827\/revisions\/99867"}],"wp:featuredmedia":[{"embeddable":true,"href":"https:\/\/notinor.com\/jujuy\/wp-json\/wp\/v2\/media\/99828"}],"wp:attachment":[{"href":"https:\/\/notinor.com\/jujuy\/wp-json\/wp\/v2\/media?parent=99827"}],"wp:term":[{"taxonomy":"category","embeddable":true,"href":"https:\/\/notinor.com\/jujuy\/wp-json\/wp\/v2\/categories?post=99827"},{"taxonomy":"post_tag","embeddable":true,"href":"https:\/\/notinor.com\/jujuy\/wp-json\/wp\/v2\/tags?post=99827"}],"curies":[{"name":"wp","href":"https:\/\/api.w.org\/{rel}","templated":true}]}}