{"id":99535,"date":"2016-11-30T00:00:52","date_gmt":"2016-11-30T03:00:52","guid":{"rendered":"http:\/\/notinor.com\/jujuy\/?p=99535"},"modified":"2016-11-29T19:47:10","modified_gmt":"2016-11-29T22:47:10","slug":"que-pasara-con-la-sancion-de-la-ley-de-tolerancia-cero","status":"publish","type":"post","link":"https:\/\/notinor.com\/jujuy\/que-pasara-con-la-sancion-de-la-ley-de-tolerancia-cero\/","title":{"rendered":"\u00bfQu\u00e9 pasar\u00e1 con la sanci\u00f3n de la Ley de Tolerancia Cero?"},"content":{"rendered":"<p><a href=\"http:\/\/notinor.com\/jujuy\/wp-content\/uploads\/2016\/11\/Nestor-Sanabia.jpg\"><img decoding=\"async\" loading=\"lazy\" class=\"alignnone size-full wp-image-99536\" src=\"http:\/\/notinor.com\/jujuy\/wp-content\/uploads\/2016\/11\/Nestor-Sanabia.jpg\" alt=\"nestor-sanabia\" width=\"1600\" height=\"1200\" \/><\/a><\/p>\n<p>En di\u00e1logo con <strong>NOTINOR.COM,\u00a0<\/strong>el diputado \u00a0de la UCR, N\u00e9stor Sanabia afirm\u00f3 que \"hace una semana se firm\u00f3 un despacho y hubo algunos debates en torno a la tolerancia cero y al gradualismo de 0,1 por el que algunos diputados parecen optar\". \u00a0El diputado asegur\u00f3 que su postura personal y el trabajo que realiz\u00f3 en este sentido es de tolerancia cero.<\/p>\n<p>\"He estado conversando con algunos legisladores y hemos acordado en cambiar el gradualismo a tolerancia cero para que quede establecido de esta manera\", expres\u00f3. Por otro parte se\u00f1al\u00f3 que si el proyecto no se trata durante esta semana se va a pedir reserva del expediente para que sea tratado en alguna sesi\u00f3n extraordinaria antes de fin de a\u00f1o o en las primeras sesiones del 2017.<\/p>\n<p>Sanabia se\u00f1al\u00f3 que no van a dejar caer el proyecto para que empiece de cero porque seria arrancar nuevamente el a\u00f1o entrante \"todo va a depender de la voluntad pol\u00edtica de los bloques, esto va a salir ahora o a comienzo del a\u00f1o entrante, creo que es una cuesti\u00f3n de tiempo\".<\/p>\n<p>El diputado indic\u00f3 que el gobierno provincial ya se encuentra haciendo campa\u00f1a por la tolerancia cero porque si manejas no podes tomar alcohol. \"el 0.1 salio de algunos legisladores que planteaban el parametro para algunos casos de realizaci\u00f3n de un brindis o comer un caramelo con licor, pero despues de una semana de debate se regreso a la idea original de tolerancia cero\".<\/p>\n<p>Sanabia se\u00f1al\u00f3 que es una de las pocas leyes en la que se realizaron un total de cinco audiencias p\u00fablicas. \"El gobernador esta de acuerdo con la tolerancia cero pero quiere respetar los tiempos de la legislatura de la provincia\".<\/p>\n<p>&nbsp;<\/p>\n","protected":false},"excerpt":{"rendered":"<p>En di\u00e1logo con NOTINOR.COM,\u00a0el diputado \u00a0de la UCR, N\u00e9stor Sanabia afirm\u00f3 que \"hace una semana se firm\u00f3 un despacho y hubo algunos debates en torno a la tolerancia cero y al gradualismo de 0,1 por el que algunos diputados parecen optar\". \u00a0El diputado asegur\u00f3 que su postura personal y el trabajo que realiz\u00f3 en este [&hellip;]<\/p>\n","protected":false},"author":1,"featured_media":93669,"comment_status":"open","ping_status":"open","sticky":false,"template":"","format":"standard","meta":{"_stopmodifiedupdate":false,"_modified_date":"","inline_featured_image":false},"categories":[493],"tags":[],"jetpack_featured_media_url":"https:\/\/notinor.com\/jujuy\/wp-content\/uploads\/2016\/10\/Consumo_alcohol_jovenes.jpg","_links":{"self":[{"href":"https:\/\/notinor.com\/jujuy\/wp-json\/wp\/v2\/posts\/99535"}],"collection":[{"href":"https:\/\/notinor.com\/jujuy\/wp-json\/wp\/v2\/posts"}],"about":[{"href":"https:\/\/notinor.com\/jujuy\/wp-json\/wp\/v2\/types\/post"}],"author":[{"embeddable":true,"href":"https:\/\/notinor.com\/jujuy\/wp-json\/wp\/v2\/users\/1"}],"replies":[{"embeddable":true,"href":"https:\/\/notinor.com\/jujuy\/wp-json\/wp\/v2\/comments?post=99535"}],"version-history":[{"count":1,"href":"https:\/\/notinor.com\/jujuy\/wp-json\/wp\/v2\/posts\/99535\/revisions"}],"predecessor-version":[{"id":99537,"href":"https:\/\/notinor.com\/jujuy\/wp-json\/wp\/v2\/posts\/99535\/revisions\/99537"}],"wp:featuredmedia":[{"embeddable":true,"href":"https:\/\/notinor.com\/jujuy\/wp-json\/wp\/v2\/media\/93669"}],"wp:attachment":[{"href":"https:\/\/notinor.com\/jujuy\/wp-json\/wp\/v2\/media?parent=99535"}],"wp:term":[{"taxonomy":"category","embeddable":true,"href":"https:\/\/notinor.com\/jujuy\/wp-json\/wp\/v2\/categories?post=99535"},{"taxonomy":"post_tag","embeddable":true,"href":"https:\/\/notinor.com\/jujuy\/wp-json\/wp\/v2\/tags?post=99535"}],"curies":[{"name":"wp","href":"https:\/\/api.w.org\/{rel}","templated":true}]}}