{"id":99355,"date":"2016-11-28T03:04:40","date_gmt":"2016-11-28T06:04:40","guid":{"rendered":"http:\/\/notinor.com\/jujuy\/?p=99355"},"modified":"2016-11-28T03:04:40","modified_gmt":"2016-11-28T06:04:40","slug":"ucr-diversidad-repudio-la-consigna-de-marchar-por-la-liberacion-de-milagro-sala","status":"publish","type":"post","link":"https:\/\/notinor.com\/jujuy\/ucr-diversidad-repudio-la-consigna-de-marchar-por-la-liberacion-de-milagro-sala\/","title":{"rendered":"UCR diversidad repudi\u00f3 la consigna de marchar por la \"liberaci\u00f3n de Milagro Sala\""},"content":{"rendered":"<p><a href=\"http:\/\/notinor.com\/jujuy\/wp-content\/uploads\/2016\/11\/ucr-diverdidad.jpg\"><img decoding=\"async\" loading=\"lazy\" class=\"alignnone size-full wp-image-99363\" src=\"http:\/\/notinor.com\/jujuy\/wp-content\/uploads\/2016\/11\/ucr-diverdidad.jpg\" alt=\"ucr-diversidad\" width=\"1024\" height=\"576\" srcset=\"https:\/\/notinor.com\/jujuy\/wp-content\/uploads\/2016\/11\/ucr-diverdidad.jpg 1024w, https:\/\/notinor.com\/jujuy\/wp-content\/uploads\/2016\/11\/ucr-diverdidad-300x169.jpg 300w, https:\/\/notinor.com\/jujuy\/wp-content\/uploads\/2016\/11\/ucr-diverdidad-199x112.jpg 199w, https:\/\/notinor.com\/jujuy\/wp-content\/uploads\/2016\/11\/ucr-diverdidad-900x506.jpg 900w\" sizes=\"(max-width: 1024px) 100vw, 1024px\" \/><\/a><\/p>\n<p>\"No nos identificamos ni compartimos la causa de Milagro Sala, una persona imputada y acusada en causas por asesinato y robo a los pobres\", sostuvo Fernanda Urquiza al argumentar la decisi\u00f3n adoptada por UCR-Diversidad de no participar de la Marcha del Orgullo LGBTIQ (L\u00e9sbico, Gay, Bisexual, Travesti, Transexual, Transg\u00e9nero, Intersexual y Queer), que tuvo lugar el 26 de noviembre en distintas ciudades del pa\u00eds.<\/p>\n<p>En conferencia de prensa de la que tambi\u00e9n participaron Gabriela Burgos, diputada nacional y vicepresidenta del Comit\u00e9 Provincia de la UCR; Emanuel Carrizo, coordinador de UCR-Diversidad Jujuy; explicit\u00f3 el respaldo incondicional de este espacio a la gesti\u00f3n del gobernador Gerardo Morales, quien concentra esfuerzos en la reconstrucci\u00f3n de institucionalidad, a partir de un proceso de transformaci\u00f3n judicial que garantiza la independencia de poderes.<br \/>\nUrquiza advirti\u00f3 que la comisi\u00f3n organizadora de la marcha, impregnada de dirigentes, banderas y modos kirchneristas, \"procedi\u00f3 de manera autoritaria\" y en este contexto \"mezcl\u00f3 una lucha por la igualdad con el reclamo por Sala\".<br \/>\n\"El kirchnerismo no pregunt\u00f3 ni consult\u00f3 a las diferentes organizaciones y ONG's si est\u00e1n dispuestas a adherir a las consignas favorables a Sala\", cuestion\u00f3.<br \/>\nRecord\u00f3 que la consigna principal llama a poner punto final a los cr\u00edmenes de odio a personas trans. De este postulado, se desprenden otros planteos, tales como real inclusi\u00f3n y cupo laboral trans en todo el pa\u00eds; ni una menos, basta de violencia machista y patriarcal; basta de racismo, xenofobia y sexismo; y un \u00e1mbito deportivo sin discriminaci\u00f3n ni violencia.<br \/>\nLament\u00f3 que los intereses del kirchnerismo deriven en la \"politizaci\u00f3n\" de una marcha prevista inicialmente para reivindicar derechos y principios de igualdad. \"Este a\u00f1o de ninguna manera marcharemos\", remarc\u00f3 y expres\u00f3 que UCR-Diversidad \"repudia totalmente a Milagro Sala\".<br \/>\nA su turno, Burgos se\u00f1al\u00f3 que incluir la liberaci\u00f3n de Sala como consigna de este colectivo de diversidad, \"desvirt\u00faa su lucha por derechos e igualdad\".<br \/>\nAsegur\u00f3 enf\u00e1ticamente que el Poder Judicial de Jujuy \"lleva adelante un proceso absolutamente independiente, respetando derechos y garant\u00edas de todos los imputados\".<br \/>\nEn cuanto al tr\u00e1mite del proyecto de ley antidiscriminaci\u00f3n a tratar en el seno del Congreso de la Naci\u00f3n, Burgos dijo que esta norma contemplar\u00e1 de manera integral los problemas que aquejan a este colectivo. \"El 30 de este mes estaremos abordando este tema\", anticip\u00f3.<\/p>\n<p>&nbsp;<\/p>\n","protected":false},"excerpt":{"rendered":"<p>\"No nos identificamos ni compartimos la causa de Milagro Sala, una persona imputada y acusada en causas por asesinato y robo a los pobres\", sostuvo Fernanda Urquiza al argumentar la decisi\u00f3n adoptada por UCR-Diversidad de no participar de la Marcha del Orgullo LGBTIQ (L\u00e9sbico, Gay, Bisexual, Travesti, Transexual, Transg\u00e9nero, Intersexual y Queer), que tuvo lugar [&hellip;]<\/p>\n","protected":false},"author":1,"featured_media":99363,"comment_status":"open","ping_status":"open","sticky":false,"template":"","format":"standard","meta":{"_stopmodifiedupdate":false,"_modified_date":"","inline_featured_image":false},"categories":[2,501],"tags":[],"jetpack_featured_media_url":"https:\/\/notinor.com\/jujuy\/wp-content\/uploads\/2016\/11\/ucr-diverdidad.jpg","_links":{"self":[{"href":"https:\/\/notinor.com\/jujuy\/wp-json\/wp\/v2\/posts\/99355"}],"collection":[{"href":"https:\/\/notinor.com\/jujuy\/wp-json\/wp\/v2\/posts"}],"about":[{"href":"https:\/\/notinor.com\/jujuy\/wp-json\/wp\/v2\/types\/post"}],"author":[{"embeddable":true,"href":"https:\/\/notinor.com\/jujuy\/wp-json\/wp\/v2\/users\/1"}],"replies":[{"embeddable":true,"href":"https:\/\/notinor.com\/jujuy\/wp-json\/wp\/v2\/comments?post=99355"}],"version-history":[{"count":1,"href":"https:\/\/notinor.com\/jujuy\/wp-json\/wp\/v2\/posts\/99355\/revisions"}],"predecessor-version":[{"id":99364,"href":"https:\/\/notinor.com\/jujuy\/wp-json\/wp\/v2\/posts\/99355\/revisions\/99364"}],"wp:featuredmedia":[{"embeddable":true,"href":"https:\/\/notinor.com\/jujuy\/wp-json\/wp\/v2\/media\/99363"}],"wp:attachment":[{"href":"https:\/\/notinor.com\/jujuy\/wp-json\/wp\/v2\/media?parent=99355"}],"wp:term":[{"taxonomy":"category","embeddable":true,"href":"https:\/\/notinor.com\/jujuy\/wp-json\/wp\/v2\/categories?post=99355"},{"taxonomy":"post_tag","embeddable":true,"href":"https:\/\/notinor.com\/jujuy\/wp-json\/wp\/v2\/tags?post=99355"}],"curies":[{"name":"wp","href":"https:\/\/api.w.org\/{rel}","templated":true}]}}