{"id":99216,"date":"2016-11-26T00:00:51","date_gmt":"2016-11-26T03:00:51","guid":{"rendered":"http:\/\/notinor.com\/jujuy\/?p=99216"},"modified":"2016-11-26T12:26:46","modified_gmt":"2016-11-26T15:26:46","slug":"gerardo-morales-inauguro-la-nueva-escuela-de-molulo","status":"publish","type":"post","link":"https:\/\/notinor.com\/jujuy\/gerardo-morales-inauguro-la-nueva-escuela-de-molulo\/","title":{"rendered":"Gerardo Morales inaugur\u00f3 la nueva Escuela de Molulo"},"content":{"rendered":"<p><a href=\"http:\/\/notinor.com\/jujuy\/wp-content\/uploads\/2016\/11\/Molulo-2-1024x614.jpg\"><img decoding=\"async\" loading=\"lazy\" class=\"size-medium wp-image-99223 aligncenter\" src=\"http:\/\/notinor.com\/jujuy\/wp-content\/uploads\/2016\/11\/Molulo-2-1024x614-300x180.jpg\" alt=\"molulo-2-1024x614\" width=\"300\" height=\"180\" srcset=\"https:\/\/notinor.com\/jujuy\/wp-content\/uploads\/2016\/11\/Molulo-2-1024x614-300x180.jpg 300w, https:\/\/notinor.com\/jujuy\/wp-content\/uploads\/2016\/11\/Molulo-2-1024x614-416x250.jpg 416w, https:\/\/notinor.com\/jujuy\/wp-content\/uploads\/2016\/11\/Molulo-2-1024x614-900x540.jpg 900w, https:\/\/notinor.com\/jujuy\/wp-content\/uploads\/2016\/11\/Molulo-2-1024x614.jpg 922w\" sizes=\"(max-width: 300px) 100vw, 300px\" \/><\/a><\/p>\n<p>El Mandatario enfatiz\u00f3 que la consecuci\u00f3n de esta meta \u201ctiene que ver con el futuro de los ni\u00f1os\u201d. \u201cEsto nos motiva y desde ya afianza nuestro compromiso ante la necesidad de garantizar una educaci\u00f3n inclusiva y de mejor calidad\u201d, afirm\u00f3, ratificando de esta manera el objetivo central de robustecer un sistema educativo que se asiente en bases s\u00f3lidas y permita ganar el ma\u00f1ana.<\/p>\n<p>Asimismo, destac\u00f3 que se avanza en la conectividad del establecimiento, a fin de proveer el servicio de Internet, motivo por el cual el Gobierno de la Provincia hizo entrega de tablets a los alumnos de la Escuela Rural 76.<\/p>\n<p>Adem\u00e1s de participar de las honras a la Madre Tierra, Morales visit\u00f3 el puesto de salud, en compa\u00f1\u00eda de autoridades educativas y sanitarias del lugar.<\/p>\n<p>La agenda se completar\u00e1 esta tarde, cuando mantenga una serie de reuniones con todas las comunidades de la zona.<\/p>\n<p>Los funcionarios, encabezados por el Gobernador y efectivos de Ej\u00e9rcito, demoraron 12 horas para cubrir el camino que vincula Tilcara con Molulo.<\/p>\n<p>Tambi\u00e9n estuvieron presentes en el acto inaugural el ministro de Seguridad, Ekel Meyer; el secretario de Asistencia Directa y Calidad de Vida, Alejandro Marenco; el secretario de Educativa, Marcos Babnik; y el jefe del Regimiento de Infanter\u00eda Mecanizada 20, Hugo Tabbia. A ellos se sumaron miembros de organismos de seguridad, Defensa Civil, SAME, agentes sanitarios y comunidades educativas vecinas.<\/p>\n<p>Ma\u00f1ana s\u00e1bado a primera hora, autoridades y funcionarios partir\u00e1n con destino a San Lucas, para mantener diversos encuentros. Para el domingo, est\u00e1 previsto su arribo a San Francisco.<\/p>\n<p>&nbsp;<\/p>\n<p>&nbsp;<\/p>\n<p>&nbsp;<\/p>\n","protected":false},"excerpt":{"rendered":"<p>El Mandatario enfatiz\u00f3 que la consecuci\u00f3n de esta meta \u201ctiene que ver con el futuro de los ni\u00f1os\u201d. \u201cEsto nos motiva y desde ya afianza nuestro compromiso ante la necesidad de garantizar una educaci\u00f3n inclusiva y de mejor calidad\u201d, afirm\u00f3, ratificando de esta manera el objetivo central de robustecer un sistema educativo que se asiente [&hellip;]<\/p>\n","protected":false},"author":5,"featured_media":99222,"comment_status":"open","ping_status":"open","sticky":false,"template":"","format":"standard","meta":{"_stopmodifiedupdate":false,"_modified_date":"","inline_featured_image":false},"categories":[4],"tags":[],"jetpack_featured_media_url":"https:\/\/notinor.com\/jujuy\/wp-content\/uploads\/2016\/11\/escuela-molulo.jpg","_links":{"self":[{"href":"https:\/\/notinor.com\/jujuy\/wp-json\/wp\/v2\/posts\/99216"}],"collection":[{"href":"https:\/\/notinor.com\/jujuy\/wp-json\/wp\/v2\/posts"}],"about":[{"href":"https:\/\/notinor.com\/jujuy\/wp-json\/wp\/v2\/types\/post"}],"author":[{"embeddable":true,"href":"https:\/\/notinor.com\/jujuy\/wp-json\/wp\/v2\/users\/5"}],"replies":[{"embeddable":true,"href":"https:\/\/notinor.com\/jujuy\/wp-json\/wp\/v2\/comments?post=99216"}],"version-history":[{"count":4,"href":"https:\/\/notinor.com\/jujuy\/wp-json\/wp\/v2\/posts\/99216\/revisions"}],"predecessor-version":[{"id":99224,"href":"https:\/\/notinor.com\/jujuy\/wp-json\/wp\/v2\/posts\/99216\/revisions\/99224"}],"wp:featuredmedia":[{"embeddable":true,"href":"https:\/\/notinor.com\/jujuy\/wp-json\/wp\/v2\/media\/99222"}],"wp:attachment":[{"href":"https:\/\/notinor.com\/jujuy\/wp-json\/wp\/v2\/media?parent=99216"}],"wp:term":[{"taxonomy":"category","embeddable":true,"href":"https:\/\/notinor.com\/jujuy\/wp-json\/wp\/v2\/categories?post=99216"},{"taxonomy":"post_tag","embeddable":true,"href":"https:\/\/notinor.com\/jujuy\/wp-json\/wp\/v2\/tags?post=99216"}],"curies":[{"name":"wp","href":"https:\/\/api.w.org\/{rel}","templated":true}]}}