{"id":99164,"date":"2016-11-26T00:00:50","date_gmt":"2016-11-26T03:00:50","guid":{"rendered":"http:\/\/notinor.com\/jujuy\/?p=99164"},"modified":"2016-11-26T09:17:09","modified_gmt":"2016-11-26T12:17:09","slug":"avanza-proyecto-de-ley-sobre-el-ordenamiento-territorial","status":"publish","type":"post","link":"https:\/\/notinor.com\/jujuy\/avanza-proyecto-de-ley-sobre-el-ordenamiento-territorial\/","title":{"rendered":"Avanza Proyecto de Ley sobre el Ordenamiento Territorial"},"content":{"rendered":"<p><a href=\"http:\/\/notinor.com\/jujuy\/wp-content\/uploads\/2016\/11\/comision-legis2.jpg\"><img decoding=\"async\" loading=\"lazy\" class=\"size-medium wp-image-99165 aligncenter\" src=\"http:\/\/notinor.com\/jujuy\/wp-content\/uploads\/2016\/11\/comision-legis2-300x201.jpg\" alt=\"comision-legis\" width=\"300\" height=\"201\" \/><\/a><\/p>\n<p>El diputado Tejerina indic\u00f3 que la iniciativa se viene abordando desde 1996, cuando lo present\u00f3 la diputada Pilar Berm\u00fadez, trat\u00e1ndose en un primer momento como \"fraccionamiento de suelo\". \"Pero con el apoyo de un equipo especializado al Gobierno de la Provincia, con el arquitecto Caz\u00f3n a la cabeza, este proyecto se ha ampliado, con un ordenamiento tanto en el sector urbano como rural\", destac\u00f3, precisando que antes de emitir despacho se quiere conocer la opini\u00f3n de los colegios profesionales que entienden en la materia, y as\u00ed tener la iniciativa m\u00e1s completa.<\/p>\n<p>Sobre la necesidad de contar con esta legislaci\u00f3n, el diputado radical expres\u00f3 que \"Jujuy es una provincia que viene muy desorganizada en cuanto a sus urbanizaciones, sus ciudades. Vemos las grandes especulaciones que hay, as\u00ed que \u00e9sto va a dar respuesta a la comunidad, a los municipios que no tienen claro cu\u00e1l es su delimitaci\u00f3n, va a dar al Estado un instrumento de organizaci\u00f3n que hoy no lo tiene. Hoy hay un sistema disperso en salud, educaci\u00f3n y seguridad, y \u00e9sto va a uniformar todo, va a optimizar los recursos del Estado para llegar mejor a cada lugar\", subray\u00f3.<\/p>\n<p>Finalmente manifest\u00f3 que \"queremos que llegue el mejor proyecto, en el trayecto hubo muchas modificaciones, como el del C\u00f3digo Civil, que impacta en esta ley, y por eso queremos que se trate cuanto antes por todo el tiempo transcurrido y por la necesidad de ordenar el territorio\".<\/p>\n<p>&nbsp;<\/p>\n<p>.<\/p>\n","protected":false},"excerpt":{"rendered":"<p>El diputado Tejerina indic\u00f3 que la iniciativa se viene abordando desde 1996, cuando lo present\u00f3 la diputada Pilar Berm\u00fadez, trat\u00e1ndose en un primer momento como \"fraccionamiento de suelo\". \"Pero con el apoyo de un equipo especializado al Gobierno de la Provincia, con el arquitecto Caz\u00f3n a la cabeza, este proyecto se ha ampliado, con un [&hellip;]<\/p>\n","protected":false},"author":5,"featured_media":0,"comment_status":"open","ping_status":"open","sticky":false,"template":"","format":"standard","meta":{"_stopmodifiedupdate":false,"_modified_date":"","inline_featured_image":false},"categories":[2],"tags":[],"jetpack_featured_media_url":"","_links":{"self":[{"href":"https:\/\/notinor.com\/jujuy\/wp-json\/wp\/v2\/posts\/99164"}],"collection":[{"href":"https:\/\/notinor.com\/jujuy\/wp-json\/wp\/v2\/posts"}],"about":[{"href":"https:\/\/notinor.com\/jujuy\/wp-json\/wp\/v2\/types\/post"}],"author":[{"embeddable":true,"href":"https:\/\/notinor.com\/jujuy\/wp-json\/wp\/v2\/users\/5"}],"replies":[{"embeddable":true,"href":"https:\/\/notinor.com\/jujuy\/wp-json\/wp\/v2\/comments?post=99164"}],"version-history":[{"count":1,"href":"https:\/\/notinor.com\/jujuy\/wp-json\/wp\/v2\/posts\/99164\/revisions"}],"predecessor-version":[{"id":99166,"href":"https:\/\/notinor.com\/jujuy\/wp-json\/wp\/v2\/posts\/99164\/revisions\/99166"}],"wp:attachment":[{"href":"https:\/\/notinor.com\/jujuy\/wp-json\/wp\/v2\/media?parent=99164"}],"wp:term":[{"taxonomy":"category","embeddable":true,"href":"https:\/\/notinor.com\/jujuy\/wp-json\/wp\/v2\/categories?post=99164"},{"taxonomy":"post_tag","embeddable":true,"href":"https:\/\/notinor.com\/jujuy\/wp-json\/wp\/v2\/tags?post=99164"}],"curies":[{"name":"wp","href":"https:\/\/api.w.org\/{rel}","templated":true}]}}