{"id":99141,"date":"2016-11-26T00:00:54","date_gmt":"2016-11-26T03:00:54","guid":{"rendered":"http:\/\/notinor.com\/jujuy\/?p=99141"},"modified":"2016-11-25T22:41:25","modified_gmt":"2016-11-26T01:41:25","slug":"proponen-modificar-parametros-de-eleccion-en-la-fiesta-nacional-de-los-estudiantes","status":"publish","type":"post","link":"https:\/\/notinor.com\/jujuy\/proponen-modificar-parametros-de-eleccion-en-la-fiesta-nacional-de-los-estudiantes\/","title":{"rendered":"Proponen modificar par\u00e1metros de elecci\u00f3n en la Fiesta Nacional de los Estudiantes"},"content":{"rendered":"<p><a href=\"http:\/\/notinor.com\/jujuy\/wp-content\/uploads\/2016\/09\/14397448_10210217764709597_484275803_n.jpg\"><img decoding=\"async\" loading=\"lazy\" class=\"alignnone size-full wp-image-89659\" src=\"http:\/\/notinor.com\/jujuy\/wp-content\/uploads\/2016\/09\/14397448_10210217764709597_484275803_n.jpg\" alt=\"reina poma jujuy 2016 fne\" width=\"960\" height=\"576\" srcset=\"https:\/\/notinor.com\/jujuy\/wp-content\/uploads\/2016\/09\/14397448_10210217764709597_484275803_n.jpg 960w, https:\/\/notinor.com\/jujuy\/wp-content\/uploads\/2016\/09\/14397448_10210217764709597_484275803_n-300x180.jpg 300w, https:\/\/notinor.com\/jujuy\/wp-content\/uploads\/2016\/09\/14397448_10210217764709597_484275803_n-416x250.jpg 416w, https:\/\/notinor.com\/jujuy\/wp-content\/uploads\/2016\/09\/14397448_10210217764709597_484275803_n-900x540.jpg 900w\" sizes=\"(max-width: 960px) 100vw, 960px\" \/><\/a><\/p>\n<p>Flavia Castro de INADI Jujuy, afirm\u00f3 que en relaci\u00f3n a la concepci\u00f3n estereotipada de belleza \u00a0se present\u00f3 con la Secretaria de Paridad de g\u00e9nero, la Comisi\u00f3n de Educaci\u00f3n de la Legislatura y el INADI se \u00a0realiz\u00f3 la presentaci\u00f3n conjunta al Ente Aut\u00e1rquico, solicitando empezar a llevar pol\u00edticas conjuntas para generar estereotipos de belleza que lo \u00fanico que hace es discriminar a mujeres s\u00f3lo desde el punto de vista est\u00e9tico.<\/p>\n<p>Soledad Sapag, titular de la Secretaria de Paridad de G\u00e9nero, expres\u00f3 que \"se trabajo durante todo el a\u00f1o Con el ente aut\u00e1rquico para empezar a buscar la forma de re evaluar cual sera la manera en que se va a elegir las representantes de las escuelas porque entendemos que debe modificarse los estereotipos y la objetivaci\u00f3n de las mujeres\".<\/p>\n<p>La funcionaria destac\u00f3 que ya se viene realizando un trabajo este a\u00f1o pero no se pudo plasmar para este a\u00f1o porque hubo muchas modificaciones en la Fiesta Nacional de loes Estudiantes, pero que la decisi\u00f3n esta tomada en relaci\u00f3n a cambiar la objetivaci\u00f3n de la mujer en torno a la belleza. \"Ademas quien pone el par\u00e1metro de belleza \u00a0y como evaluamos la belleza de una persona\", finaliz\u00f3<\/p>\n","protected":false},"excerpt":{"rendered":"<p>Flavia Castro de INADI Jujuy, afirm\u00f3 que en relaci\u00f3n a la concepci\u00f3n estereotipada de belleza \u00a0se present\u00f3 con la Secretaria de Paridad de g\u00e9nero, la Comisi\u00f3n de Educaci\u00f3n de la Legislatura y el INADI se \u00a0realiz\u00f3 la presentaci\u00f3n conjunta al Ente Aut\u00e1rquico, solicitando empezar a llevar pol\u00edticas conjuntas para generar estereotipos de belleza que lo [&hellip;]<\/p>\n","protected":false},"author":1,"featured_media":89659,"comment_status":"open","ping_status":"open","sticky":false,"template":"","format":"standard","meta":{"_stopmodifiedupdate":false,"_modified_date":"","inline_featured_image":false},"categories":[493],"tags":[],"jetpack_featured_media_url":"https:\/\/notinor.com\/jujuy\/wp-content\/uploads\/2016\/09\/14397448_10210217764709597_484275803_n.jpg","_links":{"self":[{"href":"https:\/\/notinor.com\/jujuy\/wp-json\/wp\/v2\/posts\/99141"}],"collection":[{"href":"https:\/\/notinor.com\/jujuy\/wp-json\/wp\/v2\/posts"}],"about":[{"href":"https:\/\/notinor.com\/jujuy\/wp-json\/wp\/v2\/types\/post"}],"author":[{"embeddable":true,"href":"https:\/\/notinor.com\/jujuy\/wp-json\/wp\/v2\/users\/1"}],"replies":[{"embeddable":true,"href":"https:\/\/notinor.com\/jujuy\/wp-json\/wp\/v2\/comments?post=99141"}],"version-history":[{"count":1,"href":"https:\/\/notinor.com\/jujuy\/wp-json\/wp\/v2\/posts\/99141\/revisions"}],"predecessor-version":[{"id":99142,"href":"https:\/\/notinor.com\/jujuy\/wp-json\/wp\/v2\/posts\/99141\/revisions\/99142"}],"wp:featuredmedia":[{"embeddable":true,"href":"https:\/\/notinor.com\/jujuy\/wp-json\/wp\/v2\/media\/89659"}],"wp:attachment":[{"href":"https:\/\/notinor.com\/jujuy\/wp-json\/wp\/v2\/media?parent=99141"}],"wp:term":[{"taxonomy":"category","embeddable":true,"href":"https:\/\/notinor.com\/jujuy\/wp-json\/wp\/v2\/categories?post=99141"},{"taxonomy":"post_tag","embeddable":true,"href":"https:\/\/notinor.com\/jujuy\/wp-json\/wp\/v2\/tags?post=99141"}],"curies":[{"name":"wp","href":"https:\/\/api.w.org\/{rel}","templated":true}]}}