{"id":99117,"date":"2016-11-26T00:00:53","date_gmt":"2016-11-26T03:00:53","guid":{"rendered":"http:\/\/notinor.com\/jujuy\/?p=99117"},"modified":"2016-11-25T21:10:59","modified_gmt":"2016-11-26T00:10:59","slug":"revocan-el-sobreseimiento-de-boudou-en-la-causa-por-insertar-datos-falsos-en-su-dni","status":"publish","type":"post","link":"https:\/\/notinor.com\/jujuy\/revocan-el-sobreseimiento-de-boudou-en-la-causa-por-insertar-datos-falsos-en-su-dni\/","title":{"rendered":"Revocan el sobreseimiento de Boudou en la causa por insertar datos falsos en su DNI"},"content":{"rendered":"<p>&nbsp;<\/p>\n<p>La C\u00e1m<a href=\"http:\/\/notinor.com\/jujuy\/wp-content\/uploads\/2016\/10\/boudou.jpg\"><img decoding=\"async\" loading=\"lazy\" class=\"alignnone size-full wp-image-92381\" src=\"http:\/\/notinor.com\/jujuy\/wp-content\/uploads\/2016\/10\/boudou.jpg\" alt=\"boudou\" width=\"2000\" height=\"1125\" srcset=\"https:\/\/notinor.com\/jujuy\/wp-content\/uploads\/2016\/10\/boudou.jpg 2000w, https:\/\/notinor.com\/jujuy\/wp-content\/uploads\/2016\/10\/boudou-300x169.jpg 300w, https:\/\/notinor.com\/jujuy\/wp-content\/uploads\/2016\/10\/boudou-1024x576.jpg 1024w, https:\/\/notinor.com\/jujuy\/wp-content\/uploads\/2016\/10\/boudou-199x112.jpg 199w, https:\/\/notinor.com\/jujuy\/wp-content\/uploads\/2016\/10\/boudou-900x506.jpg 900w\" sizes=\"(max-width: 2000px) 100vw, 2000px\" \/><\/a>ara Federal de Casaci\u00f3n revoc\u00f3 el sobreseimiento al ex vicepresidente Amado Boudou en el marco de la causa por \"falsedad ideol\u00f3gica de documento p\u00fablico\" en la que se lo acusa de haber insertado datos falsos en su DNI.<br \/>\nLa sala IV del m\u00e1ximo tribunal penal, integrada por los jueces Juan Carlos Gemignani (presidente), Gustavo Hornos y Mariano Borinsky, hizo lugar al recurso de casaci\u00f3n del Ministerio P\u00fablico Fiscal y revoc\u00f3 la decisi\u00f3n de la Sala I de la C\u00e1mara Federal.<br \/>\nLa decisi\u00f3n de la C\u00e1mara de Casaci\u00f3n implica la reapertura de la investigaci\u00f3n contra el ex vicepresidente por lo que el expediente volver\u00e1 al juzgado de primera instancia a cargo del juez federal Ariel Lijo para que se sigan realizando medidas de prueba.<br \/>\nLos camaristas se\u00f1alaron que el sobreseimiento revocado \"resulta, cuanto menos, prematuro, teniendo en cuenta el estado de tr\u00e1mite en el cual se encuentra la causa y las medidas de prueba pendientes de producci\u00f3n\", indicaron fuentes judiciales.<br \/>\nEl recurso de Casaci\u00f3n en contra del sobreseimiento de Boudou hab\u00eda sido planteado el fiscal General ante la C\u00e1mara Federal, Germ\u00e1n Moldes, y fue concedido y sostenido por el representante del Ministerio P\u00fablico ante el m\u00e1ximo tribunal penal, Ra\u00fal Omar Ple\u00e9,<br \/>\nEn su dictamen entregado a la sala IV del Tribunal, Pl\u00e9e sostuvo que insertar en su documento un falso domicilio (la calle Zado al 3200, en Villa Urquiza) le sirvi\u00f3 a Boudou para inscribir en jurisdicci\u00f3n de la ciudad de Buenos Aires un autom\u00f3vil y motocicletas.<br \/>\nPl\u00e9e critic\u00f3 \"un doble est\u00e1ndar\" por parte del tribunal inferior, la Sala I de la C\u00e1mara Federal, que revoc\u00f3 el procesamiento que tenia Boudou en el caso y lo sobresey\u00f3 en julio pasado.<br \/>\n\"Si un particular declara un falso domicilio ante la autoridad que expide su documento de identidad su conducta puede constituir delito mientras que si lo hace un funcionario p\u00fablico resulta at\u00edpico, lo que es inadmisible en tanto la fe p\u00fablica, precisamente, deber\u00eda ser respetada y resguardada con mayor responsabilidad por parte de los funcionarios p\u00fablicos\", advirti\u00f3 el fiscal.<\/p>\n","protected":false},"excerpt":{"rendered":"<p>&nbsp; La C\u00e1mara Federal de Casaci\u00f3n revoc\u00f3 el sobreseimiento al ex vicepresidente Amado Boudou en el marco de la causa por \"falsedad ideol\u00f3gica de documento p\u00fablico\" en la que se lo acusa de haber insertado datos falsos en su DNI. La sala IV del m\u00e1ximo tribunal penal, integrada por los jueces Juan Carlos Gemignani (presidente), [&hellip;]<\/p>\n","protected":false},"author":1,"featured_media":92381,"comment_status":"open","ping_status":"open","sticky":false,"template":"","format":"standard","meta":{"_stopmodifiedupdate":false,"_modified_date":"","inline_featured_image":false},"categories":[5],"tags":[],"jetpack_featured_media_url":"https:\/\/notinor.com\/jujuy\/wp-content\/uploads\/2016\/10\/boudou.jpg","_links":{"self":[{"href":"https:\/\/notinor.com\/jujuy\/wp-json\/wp\/v2\/posts\/99117"}],"collection":[{"href":"https:\/\/notinor.com\/jujuy\/wp-json\/wp\/v2\/posts"}],"about":[{"href":"https:\/\/notinor.com\/jujuy\/wp-json\/wp\/v2\/types\/post"}],"author":[{"embeddable":true,"href":"https:\/\/notinor.com\/jujuy\/wp-json\/wp\/v2\/users\/1"}],"replies":[{"embeddable":true,"href":"https:\/\/notinor.com\/jujuy\/wp-json\/wp\/v2\/comments?post=99117"}],"version-history":[{"count":2,"href":"https:\/\/notinor.com\/jujuy\/wp-json\/wp\/v2\/posts\/99117\/revisions"}],"predecessor-version":[{"id":99122,"href":"https:\/\/notinor.com\/jujuy\/wp-json\/wp\/v2\/posts\/99117\/revisions\/99122"}],"wp:featuredmedia":[{"embeddable":true,"href":"https:\/\/notinor.com\/jujuy\/wp-json\/wp\/v2\/media\/92381"}],"wp:attachment":[{"href":"https:\/\/notinor.com\/jujuy\/wp-json\/wp\/v2\/media?parent=99117"}],"wp:term":[{"taxonomy":"category","embeddable":true,"href":"https:\/\/notinor.com\/jujuy\/wp-json\/wp\/v2\/categories?post=99117"},{"taxonomy":"post_tag","embeddable":true,"href":"https:\/\/notinor.com\/jujuy\/wp-json\/wp\/v2\/tags?post=99117"}],"curies":[{"name":"wp","href":"https:\/\/api.w.org\/{rel}","templated":true}]}}