{"id":98823,"date":"2016-11-24T00:00:27","date_gmt":"2016-11-24T03:00:27","guid":{"rendered":"http:\/\/notinor.com\/jujuy\/?p=98823"},"modified":"2016-11-23T22:19:07","modified_gmt":"2016-11-24T01:19:07","slug":"la-comision-de-trabajo-de-la-legislatura-se-reunio-con-directivos-de-aceros-zapla","status":"publish","type":"post","link":"https:\/\/notinor.com\/jujuy\/la-comision-de-trabajo-de-la-legislatura-se-reunio-con-directivos-de-aceros-zapla\/","title":{"rendered":"La comisi\u00f3n de trabajo de la legislatura se reuni\u00f3 con directivos de Aceros Zapla"},"content":{"rendered":"<p><a href=\"http:\/\/notinor.com\/jujuy\/wp-content\/uploads\/2016\/01\/luis-canama-2.jpg\"><img decoding=\"async\" loading=\"lazy\" class=\"alignnone size-full wp-image-57039\" src=\"http:\/\/notinor.com\/jujuy\/wp-content\/uploads\/2016\/01\/luis-canama-2.jpg\" alt=\"luis cabana 2\" width=\"620\" height=\"378\" srcset=\"https:\/\/notinor.com\/jujuy\/wp-content\/uploads\/2016\/01\/luis-canama-2.jpg 620w, https:\/\/notinor.com\/jujuy\/wp-content\/uploads\/2016\/01\/luis-canama-2-300x183.jpg 300w, https:\/\/notinor.com\/jujuy\/wp-content\/uploads\/2016\/01\/luis-canama-2-408x250.jpg 408w\" sizes=\"(max-width: 620px) 100vw, 620px\" \/><\/a><\/p>\n<p>El diputado Luis Cabana es presidente de la Comisi\u00f3n de Trabajo de la Legislatura y \u00a0en di\u00e1logo con <strong>NOTINOR.COM,\u00a0<\/strong>afirm\u00f3 que se reunieron con los directores de la empresa Aceros Zapla ya que antes hab\u00edan escuchado al sindicato \" es bueno escuchar a las dos campanas\".<\/p>\n<p>Cabana destac\u00f3 que hay una denuncia expresada por el Sindicato UOM en relaci\u00f3n a la p\u00e9rdida de trabajo en la empresa sider\u00fargica debido a la retracci\u00f3n que ha tenido la industria en el rubro. \"Por este motivo se acercaron para que a trav\u00e9s de la comisi\u00f3n se pueda de alguna manera realizar alg\u00fan aporte para mejorar la situaci\u00f3n de la empresa y conservar los puestos de trabajo.<\/p>\n<p>El diputado expres\u00f3 que es necesario reactivar la econom\u00eda de la empresa y en este sentido se reunieron con los directivos de la empresa que explicaron la situaci\u00f3n y las perspectivas de la industria \"tienen un punto de vista seg\u00fan el cual pretenden seguir manteniendo los puestos laborales y apostar a la producci\u00f3n\". tambi\u00e9n se\u00f1al\u00f3 que se precisa algunas acciones del gobierno que generen un salvataje a la empresa para que se reactive la actividad productiva.<\/p>\n<p>\"Los directivos nos expresaron que nunca ingresaron al Plan Repro y que generaron un acuerdo con el gremio por el tema de los aportes por el cual en 90 d\u00edas los trabajadores cobraron un 25% con sus aportes\". Todo va a ser tema de di\u00e1logo en el que \u00a0debe intervenir activamente el gobierno para salvaguardar las fuentes de trabajo.<\/p>\n<p>Seg\u00fan Cabana, los empresarios solicitan al gobierno provincial que se cumpla plenamente la ley \"Compre Juje\u00f1o\" para que toda la obra p\u00fablica adquiera los aceros producidos en Palpal\u00e1. Por otra parte destacaron que desde la comisi\u00f3n se va a trasladar las expectativas del sector en relaci\u00f3n al proyecto de implementaci\u00f3n de un parque industrial de 120 hect\u00e1reas en la zona.<\/p>\n<p>Para finalizar, Cabana mencion\u00f3 que le van a remitir toda la informaci\u00f3n recopilada al gobierno para que \u00a0se reuna con los empresarios y se trabaje en una soluci\u00f3n sustentable para todas las partes.<\/p>\n","protected":false},"excerpt":{"rendered":"<p>El diputado Luis Cabana es presidente de la Comisi\u00f3n de Trabajo de la Legislatura y \u00a0en di\u00e1logo con NOTINOR.COM,\u00a0afirm\u00f3 que se reunieron con los directores de la empresa Aceros Zapla ya que antes hab\u00edan escuchado al sindicato \" es bueno escuchar a las dos campanas\". Cabana destac\u00f3 que hay una denuncia expresada por el Sindicato [&hellip;]<\/p>\n","protected":false},"author":1,"featured_media":98825,"comment_status":"open","ping_status":"open","sticky":false,"template":"","format":"standard","meta":{"_stopmodifiedupdate":false,"_modified_date":"","inline_featured_image":false},"categories":[493],"tags":[],"jetpack_featured_media_url":"https:\/\/notinor.com\/jujuy\/wp-content\/uploads\/2016\/11\/AHZ.png","_links":{"self":[{"href":"https:\/\/notinor.com\/jujuy\/wp-json\/wp\/v2\/posts\/98823"}],"collection":[{"href":"https:\/\/notinor.com\/jujuy\/wp-json\/wp\/v2\/posts"}],"about":[{"href":"https:\/\/notinor.com\/jujuy\/wp-json\/wp\/v2\/types\/post"}],"author":[{"embeddable":true,"href":"https:\/\/notinor.com\/jujuy\/wp-json\/wp\/v2\/users\/1"}],"replies":[{"embeddable":true,"href":"https:\/\/notinor.com\/jujuy\/wp-json\/wp\/v2\/comments?post=98823"}],"version-history":[{"count":1,"href":"https:\/\/notinor.com\/jujuy\/wp-json\/wp\/v2\/posts\/98823\/revisions"}],"predecessor-version":[{"id":98827,"href":"https:\/\/notinor.com\/jujuy\/wp-json\/wp\/v2\/posts\/98823\/revisions\/98827"}],"wp:featuredmedia":[{"embeddable":true,"href":"https:\/\/notinor.com\/jujuy\/wp-json\/wp\/v2\/media\/98825"}],"wp:attachment":[{"href":"https:\/\/notinor.com\/jujuy\/wp-json\/wp\/v2\/media?parent=98823"}],"wp:term":[{"taxonomy":"category","embeddable":true,"href":"https:\/\/notinor.com\/jujuy\/wp-json\/wp\/v2\/categories?post=98823"},{"taxonomy":"post_tag","embeddable":true,"href":"https:\/\/notinor.com\/jujuy\/wp-json\/wp\/v2\/tags?post=98823"}],"curies":[{"name":"wp","href":"https:\/\/api.w.org\/{rel}","templated":true}]}}