{"id":98580,"date":"2016-11-21T22:31:14","date_gmt":"2016-11-22T01:31:14","guid":{"rendered":"http:\/\/notinor.com\/jujuy\/?p=98580"},"modified":"2016-11-21T22:31:14","modified_gmt":"2016-11-22T01:31:14","slug":"messi-volvio-a-entrenar-en-barcelona-y-se-fotografio-con-justin-bieber","status":"publish","type":"post","link":"https:\/\/notinor.com\/jujuy\/messi-volvio-a-entrenar-en-barcelona-y-se-fotografio-con-justin-bieber\/","title":{"rendered":"Messi volvi\u00f3 a entrenar en Barcelona y se fotografi\u00f3 con Justin Bieber"},"content":{"rendered":"<p>El capit\u00e1n del seleccionado argentino se recuper\u00f3 del malestar y volver\u00e1 a jugar el pr\u00f3ximo mi\u00e9rcoles en Glasgow, Escocia, donde el equipo Cul\u00e9 visitar\u00e1 a Celtic por la quinta fecha del grupo C de la Liga de Campeones de Europa.<\/p>\n<p>El delantero Lionel Messi volvi\u00f3 este lunes a trabajar con el plantel de Barcelona de Espa\u00f1a, luego del cuadro de indisposici\u00f3n y v\u00f3mitos que le impidi\u00f3 jugar el s\u00e1bado pasado ante M\u00e1laga y tras el entrenamiento se fotografi\u00f3 con el cantante canadiense Justin Bieber.<\/p>\n<p>El capit\u00e1n del seleccionado argentino se recuper\u00f3 del malestar y volver\u00e1 a jugar el pr\u00f3ximo mi\u00e9rcoles en Glasgow, Escocia, donde el equipo de Luis Enrique visitar\u00e1 a Celtic por la quinta fecha del grupo C de la Liga de Campeones de Europa.<\/p>\n<p>No obstante, la particularidad del entrenamiento fue la visita de Justin Bieber, quien seg\u00fan difundi\u00f3 el club catal\u00e1n se sac\u00f3 fotos con el \"MSN\", tridente ofensivo que integran los sudamericanos Messi, Su\u00e1rez y Neymar.<\/p>\n<p>Despu\u00e9s de participar de la doble fecha de Eliminatorias Sudamericanas con el conjunto nacional, Messi, autor de un golazo de tiro libre en la victoria sobre Colombia (3-0) en San Juan, regres\u00f3 a Barcelona pero sufri\u00f3 un cuadro de v\u00f3mitos que le impidi\u00f3 estar en el empate del s\u00e1bado ante M\u00e1laga (0-0) en el estadio Camp Nou.<\/p>\n<p>Tras el domingo de licencia, el crack se recuper\u00f3 y se entren\u00f3 con normalidad y ma\u00f1ana integrar\u00e1 el plantel que viajar\u00e1 hacia Glasgow para asegurar la clasificaci\u00f3n a los octavos de final del certamen m\u00e1s importante de Europa.<\/p>\n<p>A falta de dos partidos, Barcelona lidera el grupo C con 9 puntos, Manchester City lo escolta con 7 y m\u00e1s atr\u00e1s est\u00e1n Borussia M\u00f6nchengladbach (4) y Celtic (2).<\/p>\n","protected":false},"excerpt":{"rendered":"<p>El capit\u00e1n del seleccionado argentino se recuper\u00f3 del malestar y volver\u00e1 a jugar el pr\u00f3ximo mi\u00e9rcoles en Glasgow, Escocia, donde el equipo Cul\u00e9 visitar\u00e1 a Celtic por la quinta fecha del grupo C de la Liga de Campeones de Europa. El delantero Lionel Messi volvi\u00f3 este lunes a trabajar con el plantel de Barcelona de [&hellip;]<\/p>\n","protected":false},"author":1,"featured_media":98581,"comment_status":"open","ping_status":"open","sticky":false,"template":"","format":"standard","meta":{"_stopmodifiedupdate":false,"_modified_date":"","inline_featured_image":false},"categories":[7],"tags":[],"jetpack_featured_media_url":"https:\/\/notinor.com\/jujuy\/wp-content\/uploads\/2016\/11\/CxySashXUAAFR6R.jpg","_links":{"self":[{"href":"https:\/\/notinor.com\/jujuy\/wp-json\/wp\/v2\/posts\/98580"}],"collection":[{"href":"https:\/\/notinor.com\/jujuy\/wp-json\/wp\/v2\/posts"}],"about":[{"href":"https:\/\/notinor.com\/jujuy\/wp-json\/wp\/v2\/types\/post"}],"author":[{"embeddable":true,"href":"https:\/\/notinor.com\/jujuy\/wp-json\/wp\/v2\/users\/1"}],"replies":[{"embeddable":true,"href":"https:\/\/notinor.com\/jujuy\/wp-json\/wp\/v2\/comments?post=98580"}],"version-history":[{"count":1,"href":"https:\/\/notinor.com\/jujuy\/wp-json\/wp\/v2\/posts\/98580\/revisions"}],"predecessor-version":[{"id":98582,"href":"https:\/\/notinor.com\/jujuy\/wp-json\/wp\/v2\/posts\/98580\/revisions\/98582"}],"wp:featuredmedia":[{"embeddable":true,"href":"https:\/\/notinor.com\/jujuy\/wp-json\/wp\/v2\/media\/98581"}],"wp:attachment":[{"href":"https:\/\/notinor.com\/jujuy\/wp-json\/wp\/v2\/media?parent=98580"}],"wp:term":[{"taxonomy":"category","embeddable":true,"href":"https:\/\/notinor.com\/jujuy\/wp-json\/wp\/v2\/categories?post=98580"},{"taxonomy":"post_tag","embeddable":true,"href":"https:\/\/notinor.com\/jujuy\/wp-json\/wp\/v2\/tags?post=98580"}],"curies":[{"name":"wp","href":"https:\/\/api.w.org\/{rel}","templated":true}]}}