{"id":98296,"date":"2016-11-20T00:00:21","date_gmt":"2016-11-20T03:00:21","guid":{"rendered":"http:\/\/notinor.com\/jujuy\/?p=98296"},"modified":"2016-11-19T23:48:35","modified_gmt":"2016-11-20T02:48:35","slug":"se-conformo-el-concejo-local-de-emergencias-de-la-quebrada","status":"publish","type":"post","link":"https:\/\/notinor.com\/jujuy\/se-conformo-el-concejo-local-de-emergencias-de-la-quebrada\/","title":{"rendered":"Se conform\u00f3 el Concejo Local de Emergencias de la Quebrada"},"content":{"rendered":"<p><a href=\"http:\/\/notinor.com\/jujuy\/wp-content\/uploads\/2016\/11\/concejo-emergencia-quebrada.jpg\"><img decoding=\"async\" loading=\"lazy\" class=\"alignnone size-full wp-image-98301\" src=\"http:\/\/notinor.com\/jujuy\/wp-content\/uploads\/2016\/11\/concejo-emergencia-quebrada.jpg\" alt=\"concejo-emergencia-quebrada\" width=\"960\" height=\"540\" srcset=\"https:\/\/notinor.com\/jujuy\/wp-content\/uploads\/2016\/11\/concejo-emergencia-quebrada.jpg 960w, https:\/\/notinor.com\/jujuy\/wp-content\/uploads\/2016\/11\/concejo-emergencia-quebrada-300x169.jpg 300w, https:\/\/notinor.com\/jujuy\/wp-content\/uploads\/2016\/11\/concejo-emergencia-quebrada-199x112.jpg 199w, https:\/\/notinor.com\/jujuy\/wp-content\/uploads\/2016\/11\/concejo-emergencia-quebrada-900x506.jpg 900w\" sizes=\"(max-width: 960px) 100vw, 960px\" \/><\/a><\/p>\n<p>Se\u00a0reunieron en Purmamarca \u00a0representantes de los municipios de la Quebrada para la conformaci\u00f3n de los Consejos Locales de Emergencia.<\/p>\n<p>Participaron delegados municipales de las localidades de Huma<span class=\"text_exposed_show\">huaca, Tilcara, Maimar\u00e1, Purmamarca y Volc\u00e1n y tambi\u00e9n colaboraron activamente la Coordinaci\u00f3n Provincial de Emergencias convocados desde la Secretar\u00eda de Asistencia Directa y Calidad de Vida del Ministerio de Desarrollo Humano.<\/span><\/p>\n","protected":false},"excerpt":{"rendered":"<p>Se\u00a0reunieron en Purmamarca \u00a0representantes de los municipios de la Quebrada para la conformaci\u00f3n de los Consejos Locales de Emergencia. Participaron delegados municipales de las localidades de Humahuaca, Tilcara, Maimar\u00e1, Purmamarca y Volc\u00e1n y tambi\u00e9n colaboraron activamente la Coordinaci\u00f3n Provincial de Emergencias convocados desde la Secretar\u00eda de Asistencia Directa y Calidad de Vida del Ministerio de [&hellip;]<\/p>\n","protected":false},"author":1,"featured_media":98301,"comment_status":"open","ping_status":"open","sticky":false,"template":"","format":"standard","meta":{"_stopmodifiedupdate":false,"_modified_date":"","inline_featured_image":false,"spay_email":"","jetpack_publicize_message":""},"categories":[4],"tags":[],"jetpack_featured_media_url":"https:\/\/notinor.com\/jujuy\/wp-content\/uploads\/2016\/11\/concejo-emergencia-quebrada.jpg","jetpack_publicize_connections":[],"_links":{"self":[{"href":"https:\/\/notinor.com\/jujuy\/wp-json\/wp\/v2\/posts\/98296"}],"collection":[{"href":"https:\/\/notinor.com\/jujuy\/wp-json\/wp\/v2\/posts"}],"about":[{"href":"https:\/\/notinor.com\/jujuy\/wp-json\/wp\/v2\/types\/post"}],"author":[{"embeddable":true,"href":"https:\/\/notinor.com\/jujuy\/wp-json\/wp\/v2\/users\/1"}],"replies":[{"embeddable":true,"href":"https:\/\/notinor.com\/jujuy\/wp-json\/wp\/v2\/comments?post=98296"}],"version-history":[{"count":1,"href":"https:\/\/notinor.com\/jujuy\/wp-json\/wp\/v2\/posts\/98296\/revisions"}],"predecessor-version":[{"id":98302,"href":"https:\/\/notinor.com\/jujuy\/wp-json\/wp\/v2\/posts\/98296\/revisions\/98302"}],"wp:featuredmedia":[{"embeddable":true,"href":"https:\/\/notinor.com\/jujuy\/wp-json\/wp\/v2\/media\/98301"}],"wp:attachment":[{"href":"https:\/\/notinor.com\/jujuy\/wp-json\/wp\/v2\/media?parent=98296"}],"wp:term":[{"taxonomy":"category","embeddable":true,"href":"https:\/\/notinor.com\/jujuy\/wp-json\/wp\/v2\/categories?post=98296"},{"taxonomy":"post_tag","embeddable":true,"href":"https:\/\/notinor.com\/jujuy\/wp-json\/wp\/v2\/tags?post=98296"}],"curies":[{"name":"wp","href":"https:\/\/api.w.org\/{rel}","templated":true}]}}