{"id":98194,"date":"2016-11-19T00:00:47","date_gmt":"2016-11-19T03:00:47","guid":{"rendered":"http:\/\/notinor.com\/jujuy\/?p=98194"},"modified":"2016-11-18T20:56:18","modified_gmt":"2016-11-18T23:56:18","slug":"se-vivio-en-jujuy-la-jornada-por-la-ley-de-emergencia-social","status":"publish","type":"post","link":"https:\/\/notinor.com\/jujuy\/se-vivio-en-jujuy-la-jornada-por-la-ley-de-emergencia-social\/","title":{"rendered":"Se vivi\u00f3 en jujuy la jornada por la Ley de Emergencia Social"},"content":{"rendered":"<p><a href=\"http:\/\/notinor.com\/jujuy\/wp-content\/uploads\/2016\/11\/Marcha-ATEVI.jpg\"><img decoding=\"async\" loading=\"lazy\" class=\"alignnone size-full wp-image-98195\" src=\"http:\/\/notinor.com\/jujuy\/wp-content\/uploads\/2016\/11\/Marcha-ATEVI.jpg\" alt=\"marcha-atevi\" width=\"960\" height=\"720\" srcset=\"https:\/\/notinor.com\/jujuy\/wp-content\/uploads\/2016\/11\/Marcha-ATEVI.jpg 960w, https:\/\/notinor.com\/jujuy\/wp-content\/uploads\/2016\/11\/Marcha-ATEVI-300x225.jpg 300w, https:\/\/notinor.com\/jujuy\/wp-content\/uploads\/2016\/11\/Marcha-ATEVI-900x675.jpg 900w\" sizes=\"(max-width: 960px) 100vw, 960px\" \/><\/a><\/p>\n<p>Se vivi\u00f3 una jornada de protesta nacional con la CGT a la cabeza de la manifestaci\u00f3n \u00a0y un heterog\u00e9neo abanico de organizaciones sociales y empresarias que se movilizaron por las calles del centro porte\u00f1o, para exigirle al gobierno nacional y a los legisladores la sanci\u00f3n de la ley de emergencia social (prev\u00e9 reconvertir a los planes sociales en trabajadores formales), que ya cuenta con la medida aprobaci\u00f3n\u00a0de la C\u00e1mara de Senadores.<\/p>\n<p>En nuestra provincia los sindicatos ATE y CTA Aut\u00f3noma Jujuy estuvieron presentes \u00a0junto a miembros de la CTEP (Confederaci\u00f3n de Trabajadores de la econom\u00eda popular) en la jornada nacional de lucha bajo el lema \"basta de pobreza y ajuste hacia los sectores populares\".<\/p>\n","protected":false},"excerpt":{"rendered":"<p>Se vivi\u00f3 una jornada de protesta nacional con la CGT a la cabeza de la manifestaci\u00f3n \u00a0y un heterog\u00e9neo abanico de organizaciones sociales y empresarias que se movilizaron por las calles del centro porte\u00f1o, para exigirle al gobierno nacional y a los legisladores la sanci\u00f3n de la ley de emergencia social (prev\u00e9 reconvertir a los [&hellip;]<\/p>\n","protected":false},"author":1,"featured_media":98195,"comment_status":"open","ping_status":"open","sticky":false,"template":"","format":"standard","meta":{"_stopmodifiedupdate":false,"_modified_date":"","inline_featured_image":false},"categories":[485],"tags":[],"jetpack_featured_media_url":"https:\/\/notinor.com\/jujuy\/wp-content\/uploads\/2016\/11\/Marcha-ATEVI.jpg","_links":{"self":[{"href":"https:\/\/notinor.com\/jujuy\/wp-json\/wp\/v2\/posts\/98194"}],"collection":[{"href":"https:\/\/notinor.com\/jujuy\/wp-json\/wp\/v2\/posts"}],"about":[{"href":"https:\/\/notinor.com\/jujuy\/wp-json\/wp\/v2\/types\/post"}],"author":[{"embeddable":true,"href":"https:\/\/notinor.com\/jujuy\/wp-json\/wp\/v2\/users\/1"}],"replies":[{"embeddable":true,"href":"https:\/\/notinor.com\/jujuy\/wp-json\/wp\/v2\/comments?post=98194"}],"version-history":[{"count":3,"href":"https:\/\/notinor.com\/jujuy\/wp-json\/wp\/v2\/posts\/98194\/revisions"}],"predecessor-version":[{"id":98203,"href":"https:\/\/notinor.com\/jujuy\/wp-json\/wp\/v2\/posts\/98194\/revisions\/98203"}],"wp:featuredmedia":[{"embeddable":true,"href":"https:\/\/notinor.com\/jujuy\/wp-json\/wp\/v2\/media\/98195"}],"wp:attachment":[{"href":"https:\/\/notinor.com\/jujuy\/wp-json\/wp\/v2\/media?parent=98194"}],"wp:term":[{"taxonomy":"category","embeddable":true,"href":"https:\/\/notinor.com\/jujuy\/wp-json\/wp\/v2\/categories?post=98194"},{"taxonomy":"post_tag","embeddable":true,"href":"https:\/\/notinor.com\/jujuy\/wp-json\/wp\/v2\/tags?post=98194"}],"curies":[{"name":"wp","href":"https:\/\/api.w.org\/{rel}","templated":true}]}}