{"id":97069,"date":"2016-11-10T08:55:06","date_gmt":"2016-11-10T11:55:06","guid":{"rendered":"http:\/\/notinor.com\/jujuy\/?p=97069"},"modified":"2016-11-10T08:55:06","modified_gmt":"2016-11-10T11:55:06","slug":"bomberos-sofocaron-las-llamas-de-un-vehiculo-que-se-prendio-fuego","status":"publish","type":"post","link":"https:\/\/notinor.com\/jujuy\/bomberos-sofocaron-las-llamas-de-un-vehiculo-que-se-prendio-fuego\/","title":{"rendered":"Bomberos sofocaron las llamas de un veh\u00edculo que se prendio fuego"},"content":{"rendered":"<p class=\"gmail-MsoNoSpacing\"><span class=\"gmail-apple-converted-space\">Efectivos policiales del Cuerpo de Bomberos del barrio Alto Comedero, lograron sofocar el incendio de un veh\u00edculo estacionado sobre una arteria del sector B-2. Hecho registrado la madrugada de hoy, del cual solo se registraron da\u00f1os materiales, sin tener que lamentar v\u00edctimas. <\/span><\/p>\n<p class=\"gmail-MsoNoSpacing\"><span class=\"gmail-apple-converted-space\">La guardia de prevenci\u00f3n de la seccional 46\u00ba, tomaron conocimiento alrededor de las 03,15 horas, del incendio de un rodado estacionado sobre calle Fraile Pintado del sector B-2, por tal motivo sali\u00f3 un grupo de uniformados al sector mencionado, a fin de constatar la situaci\u00f3n, donde al arribar establecieron que el siniestro se habr\u00eda generado en un rodado de marca Renault 12 de color crema, el cual se encontraba estacionado en la parte externa de una vivienda ubicada sobre calle Fraile Pintado de dicho sector barrial. <\/span><\/p>\n<p class=\"gmail-MsoNoSpacing\"><span class=\"gmail-apple-converted-space\">Ante esta situaci\u00f3n se solicit\u00f3 la presencia del personal policial especializado en la materia, quienes al llegar realizaron los trabajos inherentes, logrando posteriormente sofocar el foco \u00edgneo, del cual solo se registraron da\u00f1os materiales. <\/span><\/p>\n","protected":false},"excerpt":{"rendered":"<p>Efectivos policiales del Cuerpo de Bomberos del barrio Alto Comedero, lograron sofocar el incendio de un veh\u00edculo estacionado sobre una arteria del sector B-2. Hecho registrado la madrugada de hoy, del cual solo se registraron da\u00f1os materiales, sin tener que lamentar v\u00edctimas. La guardia de prevenci\u00f3n de la seccional 46\u00ba, tomaron conocimiento alrededor de las [&hellip;]<\/p>\n","protected":false},"author":1,"featured_media":97070,"comment_status":"open","ping_status":"open","sticky":false,"template":"","format":"standard","meta":{"_stopmodifiedupdate":false,"_modified_date":"","inline_featured_image":false,"spay_email":"","jetpack_publicize_message":""},"categories":[3],"tags":[],"jetpack_featured_media_url":"https:\/\/notinor.com\/jujuy\/wp-content\/uploads\/2016\/11\/bomberos-31.jpg","jetpack_publicize_connections":[],"_links":{"self":[{"href":"https:\/\/notinor.com\/jujuy\/wp-json\/wp\/v2\/posts\/97069"}],"collection":[{"href":"https:\/\/notinor.com\/jujuy\/wp-json\/wp\/v2\/posts"}],"about":[{"href":"https:\/\/notinor.com\/jujuy\/wp-json\/wp\/v2\/types\/post"}],"author":[{"embeddable":true,"href":"https:\/\/notinor.com\/jujuy\/wp-json\/wp\/v2\/users\/1"}],"replies":[{"embeddable":true,"href":"https:\/\/notinor.com\/jujuy\/wp-json\/wp\/v2\/comments?post=97069"}],"version-history":[{"count":1,"href":"https:\/\/notinor.com\/jujuy\/wp-json\/wp\/v2\/posts\/97069\/revisions"}],"predecessor-version":[{"id":97071,"href":"https:\/\/notinor.com\/jujuy\/wp-json\/wp\/v2\/posts\/97069\/revisions\/97071"}],"wp:featuredmedia":[{"embeddable":true,"href":"https:\/\/notinor.com\/jujuy\/wp-json\/wp\/v2\/media\/97070"}],"wp:attachment":[{"href":"https:\/\/notinor.com\/jujuy\/wp-json\/wp\/v2\/media?parent=97069"}],"wp:term":[{"taxonomy":"category","embeddable":true,"href":"https:\/\/notinor.com\/jujuy\/wp-json\/wp\/v2\/categories?post=97069"},{"taxonomy":"post_tag","embeddable":true,"href":"https:\/\/notinor.com\/jujuy\/wp-json\/wp\/v2\/tags?post=97069"}],"curies":[{"name":"wp","href":"https:\/\/api.w.org\/{rel}","templated":true}]}}