{"id":97055,"date":"2016-11-10T04:21:26","date_gmt":"2016-11-10T07:21:26","guid":{"rendered":"http:\/\/notinor.com\/jujuy\/?p=97055"},"modified":"2016-11-10T04:21:26","modified_gmt":"2016-11-10T07:21:26","slug":"obama-llamo-a-una-transicion-pacifica-y-exitosa-con-trump","status":"publish","type":"post","link":"https:\/\/notinor.com\/jujuy\/obama-llamo-a-una-transicion-pacifica-y-exitosa-con-trump\/","title":{"rendered":"Obama llamo a una transici\u00f3n \"pac\u00edfica y exitosa\" con Trump"},"content":{"rendered":"<p><a href=\"http:\/\/notinor.com\/jujuy\/wp-content\/uploads\/2015\/12\/obama-al-assad.jpg\"><img decoding=\"async\" loading=\"lazy\" class=\"size-full wp-image-55422 aligncenter\" src=\"http:\/\/notinor.com\/jujuy\/wp-content\/uploads\/2015\/12\/obama-al-assad.jpg\" alt=\"obama al assad\" width=\"370\" height=\"208\" srcset=\"https:\/\/notinor.com\/jujuy\/wp-content\/uploads\/2015\/12\/obama-al-assad.jpg 370w, https:\/\/notinor.com\/jujuy\/wp-content\/uploads\/2015\/12\/obama-al-assad-300x169.jpg 300w, https:\/\/notinor.com\/jujuy\/wp-content\/uploads\/2015\/12\/obama-al-assad-199x112.jpg 199w\" sizes=\"(max-width: 370px) 100vw, 370px\" \/><\/a><\/p>\n<p>El presidente adelant\u00f3 que invit\u00f3 a Trump para que acuda hoy\u00a0a la Casa Blanca para iniciar \"una transici\u00f3n pac\u00edfica y exitosa\".<\/p>\n<p>El presidente de Estados Unidos, Barack Obama, se\u00f1al\u00f3 que su pa\u00eds \"necesita inclusi\u00f3n y unidad\" tras la ajustada victoria de Donald Trump en las elecciones y adelant\u00f3 que lo invit\u00f3 ma\u00f1ana a la Casa Blanca para iniciar \"una transici\u00f3n exitosa\".<\/p>\n<p>\"Tener\u00a0una transici\u00f3n exitosa y\u00a0pac\u00edfica es una caracter\u00edstica de nuestra democracia y se lo vamos a demostrar al mundo\", manifest\u00f3 el mandatario acompa\u00f1ado por su vice Joe Biden.<\/p>\n<p>\"Estamos todos en un equipo, no somos primero dem\u00f3cratas o republicanos, sino estadounidenses, patriotas que queremos lo mejor para este pa\u00eds\", agreg\u00f3.<\/p>\n<p>Obama confirm\u00f3 que ma\u00f1ana recibir\u00e1 a Trump en la Casa Blanca: \"Este pa\u00eds necesita inclusi\u00f3n y unidad, espero que \u00e9l lo mantenga as\u00ed durante la transici\u00f3n y as\u00ed comience su presidencia\".<\/p>\n<p>Adem\u00e1s se refiri\u00f3 a la postulaci\u00f3n \u00a0de Hillary Clinton: \"Estoy orgullosa de ella, su candidatura fue hist\u00f3rica\".<\/p>\n","protected":false},"excerpt":{"rendered":"<p>El presidente adelant\u00f3 que invit\u00f3 a Trump para que acuda hoy\u00a0a la Casa Blanca para iniciar \"una transici\u00f3n pac\u00edfica y exitosa\". El presidente de Estados Unidos, Barack Obama, se\u00f1al\u00f3 que su pa\u00eds \"necesita inclusi\u00f3n y unidad\" tras la ajustada victoria de Donald Trump en las elecciones y adelant\u00f3 que lo invit\u00f3 ma\u00f1ana a la Casa [&hellip;]<\/p>\n","protected":false},"author":1,"featured_media":55422,"comment_status":"open","ping_status":"open","sticky":false,"template":"","format":"standard","meta":{"_stopmodifiedupdate":false,"_modified_date":"","inline_featured_image":false,"spay_email":"","jetpack_publicize_message":""},"categories":[6],"tags":[],"jetpack_featured_media_url":"https:\/\/notinor.com\/jujuy\/wp-content\/uploads\/2015\/12\/obama-al-assad.jpg","jetpack_publicize_connections":[],"_links":{"self":[{"href":"https:\/\/notinor.com\/jujuy\/wp-json\/wp\/v2\/posts\/97055"}],"collection":[{"href":"https:\/\/notinor.com\/jujuy\/wp-json\/wp\/v2\/posts"}],"about":[{"href":"https:\/\/notinor.com\/jujuy\/wp-json\/wp\/v2\/types\/post"}],"author":[{"embeddable":true,"href":"https:\/\/notinor.com\/jujuy\/wp-json\/wp\/v2\/users\/1"}],"replies":[{"embeddable":true,"href":"https:\/\/notinor.com\/jujuy\/wp-json\/wp\/v2\/comments?post=97055"}],"version-history":[{"count":1,"href":"https:\/\/notinor.com\/jujuy\/wp-json\/wp\/v2\/posts\/97055\/revisions"}],"predecessor-version":[{"id":97058,"href":"https:\/\/notinor.com\/jujuy\/wp-json\/wp\/v2\/posts\/97055\/revisions\/97058"}],"wp:featuredmedia":[{"embeddable":true,"href":"https:\/\/notinor.com\/jujuy\/wp-json\/wp\/v2\/media\/55422"}],"wp:attachment":[{"href":"https:\/\/notinor.com\/jujuy\/wp-json\/wp\/v2\/media?parent=97055"}],"wp:term":[{"taxonomy":"category","embeddable":true,"href":"https:\/\/notinor.com\/jujuy\/wp-json\/wp\/v2\/categories?post=97055"},{"taxonomy":"post_tag","embeddable":true,"href":"https:\/\/notinor.com\/jujuy\/wp-json\/wp\/v2\/tags?post=97055"}],"curies":[{"name":"wp","href":"https:\/\/api.w.org\/{rel}","templated":true}]}}