{"id":96642,"date":"2016-11-07T03:06:12","date_gmt":"2016-11-07T06:06:12","guid":{"rendered":"http:\/\/notinor.com\/jujuy\/?p=96642"},"modified":"2016-11-07T03:26:24","modified_gmt":"2016-11-07T06:26:24","slug":"que-pasa-con-el-abastecimiento-de-agua-potable","status":"publish","type":"post","link":"https:\/\/notinor.com\/jujuy\/que-pasa-con-el-abastecimiento-de-agua-potable\/","title":{"rendered":"\u00bfQu\u00e9 pasa con el abastecimiento de agua potable?"},"content":{"rendered":"<p><a href=\"http:\/\/notinor.com\/jujuy\/wp-content\/uploads\/2016\/11\/sequia-agua-potable.jpg\"><img decoding=\"async\" loading=\"lazy\" class=\"alignnone size-full wp-image-96025\" src=\"http:\/\/notinor.com\/jujuy\/wp-content\/uploads\/2016\/11\/sequia-agua-potable.jpg\" alt=\"sequia-agua-potable\" width=\"594\" height=\"480\" srcset=\"https:\/\/notinor.com\/jujuy\/wp-content\/uploads\/2016\/11\/sequia-agua-potable.jpg 594w, https:\/\/notinor.com\/jujuy\/wp-content\/uploads\/2016\/11\/sequia-agua-potable-300x242.jpg 300w\" sizes=\"(max-width: 594px) 100vw, 594px\" \/><\/a><\/p>\n<p>Varios barrios pasaron un fin de semana dif\u00edcil, con baja presi\u00f3n en algunos casos o directamente con ausencia total en otros. Esto genero un malestar generalizado que lo hicieron saber por diferentes medios. A nuestra redacci\u00f3n llegaron una innumerable cantidad de mensajes de los usuarios reclamando por la falta del suministro de agua potable en barrios como Alto Comedero, San Pedrito, Alte. Brown, Campo Verde, San Francisco de Alava, entre otros.<\/p>\n<p>Desde la empresa estatal encargada de brindar el servicio de agua potable y cloacas en todo el territorio provincial , instaron a la poblaci\u00f3n en general a realizar un uso racional y solidario del servicio de agua, ya que las fuentes naturales que abastecen de la materia prima para la producci\u00f3n de agua potable se encuentran reducidas a su m\u00ednima expresi\u00f3n.<\/p>\n<p>Esta situaci\u00f3n se agudiza debido a la falta de precipitaciones y a los grandes vol\u00famenes de consumo que superan la producci\u00f3n del establecimiento industrial situado en alto reyes.<\/p>\n<p>El Directorio de empresa optimiza y gestiona recursos para culminar a la brevedad posible la obra de ampliaci\u00f3n de Alto Reyes y los acueductos de agua cruda y potable por un valor de 274 millones; mientras que paralelamente trabaja de manera intensa en la producci\u00f3n para equilibrar los grandes consumos con algunos sistemas de bombeos y habilitaciones de algunas captaciones alternativas, mientras se aguardan las anheladas precipitaciones para regularizar la prestaci\u00f3n del servicio.<\/p>\n<p><strong>Recomendaciones<\/strong><\/p>\n<p>En este dif\u00edcil contexto h\u00eddrico y climatol\u00f3gico donde la \u00e9poca de estiaje se prolonga debido a que no se producen las precipitaciones esperadas instan a la poblaci\u00f3n en general a realizar un uso solidario y racional del l\u00edquido elemento no utilizando la manguera para regar calles, veredas, jardines, llenar piletas y piletines, etc; como as\u00ed tambi\u00e9n el lavado de autom\u00f3viles ya que son conductas habituales donde se derrochan miles de litros de agua potable.<\/p>\n<p><strong>MULTAS: Cuidando el agua y respetando a nuestros vecinos<\/strong><\/p>\n<p>El intendente Ra\u00fal \"Chuli\" Jorge tras promulgar la Ordenanza N\u00b0 6871\/16 modificatoria de su similar 666\/14 sancionada oportunamente por el Concejo Deliberante, se estableci\u00f3 las multas a vecinos frentistas que originen \"agua servida\" en la v\u00eda p\u00fablica o laven las veredas fuera de horario y d\u00edas establecidos.<\/p>\n<p>El instructivo en su art\u00edculo 12\u00b0 que modifica el articulado 76\u00b0 de la Ordenanza 666\/14 expresa que, \u201cel lavado de veredas o veh\u00edculos en la v\u00eda p\u00fablica en contravenci\u00f3n a las normas reglamentarias, o permitiere la salida de l\u00edquidos de cualquier tipo, ser\u00e1 sancionado con multas de 10 UF a 100 UF (Unidad Fija equivalente al costo por litro de nafta s\u00faper)\u201d.<\/p>\n<p>Asimismo aclara que \u201ccuando se trate de inmuebles destinados a vivienda familiar o en caso de no ser viviendas familiares, los monto ser\u00e1n de 20 a 200 UF\u201d.<\/p>\n<p>Tambi\u00e9n deja expresamente establecido que el lavado y barrido de veredas \u201cse podr\u00e1 realizar entre las 14 y 15 y de 21 a 9.00 horas, todos los d\u00edas sin entorpecer el paso de peatones ni causar ruidos molestos, el producto del barrido deber ser colocado en recipientes destinados a los residuos domiciliarios y no ser arrojado a la calzada\u201d.<\/p>\n<p>Por \u00faltimo indica que, \u201cen la \u00e9poca que fuera declarada como de emergencia h\u00eddrica por sequ\u00eda o escasez de agua en nuestra ciudad, los d\u00edas de lavado de veredas ser\u00e1n \u00fanicamente los lunes, mi\u00e9rcoles y viernes de 21 a 9.00\u201d.<\/p>\n<p>A d\u00edas de la audiencia p\u00fablica por r\u00e9gimen y cuadro tarifario de la luz<br \/>\nComentarios 0<br \/>\nLa Superintendencia de Servicios P\u00fablicos y Otras Concesiones (SuSePu) convoca a una Audiencia P\u00fablica para el 22 de noviembre con motivo de poner en consulta las propuestas tarifarias presentadas por EJESA para el per\u00edodo 2016-2021.<\/p>\n<p>La convocatoria, avalada mediante Resoluci\u00f3n N\u00ba 220-SUSEPU-2016, se fij\u00f3 para el pr\u00f3ximo 22 de noviembre del 2016 desde las 9 hs, en las instalaciones del Mini Estadio Ol\u00edmpico Municipal de Palpal\u00e1, sito en calle Chacho Pe\u00f1aloza N\u00b0 81 de la Ciudad de P\u00e1lpala.<\/p>\n<p>Los interesados en participar deber\u00e1n anotarse en el Registro de Participantes hasta el 1\u00ba de noviembre de 2016 inclusive, o primer d\u00eda h\u00e1bil siguiente si \u00e9ste fuere declarado inh\u00e1bil, en la Oficina Administrativa habilitada en Alvear N\u00b0 1243, de lunes a viernes 8 a 13 y de 16.30 a 18.30. Los mismos podr\u00e1n hacer conocer sus opiniones por escrito, presentar pruebas o documentos con los que cuenten como tambi\u00e9n solicitar la producci\u00f3n de pruebas.<\/p>\n<p>Para tal motivo deber\u00e1n constituir domicilio legal en un radio de tres kil\u00f3metros del asiento del organismo cuya fecha de cierre de inscripci\u00f3n ser\u00e1 el 2 de noviembre de 2016 inclusive o primer d\u00eda h\u00e1bil siguiente si este fuere declarado inh\u00e1bil.<\/p>\n<p>Los ciudadanos pueden acceder la documentaci\u00f3n de la propuesta del r\u00e9gimen y cuadro tarifario para el pr\u00f3ximo quinquenio presentado por EJESA, personalmente en la sede sita en Alvear N\u00ba 1243, de lunes a viernes de 8 a 13 y de 16.30 a 18.30. o a trav\u00e9s de la p\u00e1gina web del organimo.<\/p>\n<p>&nbsp;<\/p>\n","protected":false},"excerpt":{"rendered":"<p>Varios barrios pasaron un fin de semana dif\u00edcil, con baja presi\u00f3n en algunos casos o directamente con ausencia total en otros. Esto genero un malestar generalizado que lo hicieron saber por diferentes medios. A nuestra redacci\u00f3n llegaron una innumerable cantidad de mensajes de los usuarios reclamando por la falta del suministro de agua potable en [&hellip;]<\/p>\n","protected":false},"author":1,"featured_media":96025,"comment_status":"open","ping_status":"open","sticky":false,"template":"","format":"standard","meta":{"_stopmodifiedupdate":false,"_modified_date":"","inline_featured_image":false},"categories":[2,493],"tags":[],"jetpack_featured_media_url":"https:\/\/notinor.com\/jujuy\/wp-content\/uploads\/2016\/11\/sequia-agua-potable.jpg","_links":{"self":[{"href":"https:\/\/notinor.com\/jujuy\/wp-json\/wp\/v2\/posts\/96642"}],"collection":[{"href":"https:\/\/notinor.com\/jujuy\/wp-json\/wp\/v2\/posts"}],"about":[{"href":"https:\/\/notinor.com\/jujuy\/wp-json\/wp\/v2\/types\/post"}],"author":[{"embeddable":true,"href":"https:\/\/notinor.com\/jujuy\/wp-json\/wp\/v2\/users\/1"}],"replies":[{"embeddable":true,"href":"https:\/\/notinor.com\/jujuy\/wp-json\/wp\/v2\/comments?post=96642"}],"version-history":[{"count":1,"href":"https:\/\/notinor.com\/jujuy\/wp-json\/wp\/v2\/posts\/96642\/revisions"}],"predecessor-version":[{"id":96649,"href":"https:\/\/notinor.com\/jujuy\/wp-json\/wp\/v2\/posts\/96642\/revisions\/96649"}],"wp:featuredmedia":[{"embeddable":true,"href":"https:\/\/notinor.com\/jujuy\/wp-json\/wp\/v2\/media\/96025"}],"wp:attachment":[{"href":"https:\/\/notinor.com\/jujuy\/wp-json\/wp\/v2\/media?parent=96642"}],"wp:term":[{"taxonomy":"category","embeddable":true,"href":"https:\/\/notinor.com\/jujuy\/wp-json\/wp\/v2\/categories?post=96642"},{"taxonomy":"post_tag","embeddable":true,"href":"https:\/\/notinor.com\/jujuy\/wp-json\/wp\/v2\/tags?post=96642"}],"curies":[{"name":"wp","href":"https:\/\/api.w.org\/{rel}","templated":true}]}}