{"id":92795,"date":"2016-10-11T00:00:08","date_gmt":"2016-10-11T03:00:08","guid":{"rendered":"http:\/\/notinor.com\/jujuy\/?p=92795"},"modified":"2016-10-10T22:00:47","modified_gmt":"2016-10-11T01:00:47","slug":"el-cesped-del-kempes-mejoro-respecto-al-duelo-con-bolivia","status":"publish","type":"post","link":"https:\/\/notinor.com\/jujuy\/el-cesped-del-kempes-mejoro-respecto-al-duelo-con-bolivia\/","title":{"rendered":"El c\u00e9sped del Kempes mejor\u00f3 para recibir a la selecci\u00f3n"},"content":{"rendered":"<p><a href=\"http:\/\/notinor.com\/jujuy\/wp-content\/uploads\/2016\/10\/kempes.jpg\"><img decoding=\"async\" loading=\"lazy\" class=\"alignnone size-full wp-image-92797\" src=\"http:\/\/notinor.com\/jujuy\/wp-content\/uploads\/2016\/10\/kempes.jpg\" alt=\"kempes\" width=\"650\" height=\"366\" srcset=\"https:\/\/notinor.com\/jujuy\/wp-content\/uploads\/2016\/10\/kempes.jpg 650w, https:\/\/notinor.com\/jujuy\/wp-content\/uploads\/2016\/10\/kempes-300x169.jpg 300w, https:\/\/notinor.com\/jujuy\/wp-content\/uploads\/2016\/10\/kempes-199x112.jpg 199w\" sizes=\"(max-width: 650px) 100vw, 650px\" \/><\/a><\/p>\n<p>Aquella vez se hicieron arreglos de \u00faltimo momento que igualmente no evitaron las imperfecciones de un piso muy lejano al ideal para un compromiso de clasificaci\u00f3n mundialista.<\/p>\n<p>En el receso del f\u00fatbol local, el c\u00e9sped fue resembrado. Por esa raz\u00f3n fue mudado a la cancha de Instituto de C\u00f3rdoba el recital del grupo Aerosmith, que se realiz\u00f3 el pasado viernes 7.<\/p>\n<p>Se espera que ma\u00f1ana el \"verde c\u00e9sped\" no sea excusa para el funcionamiento de los dirigidos por Edgardo Bauza, que necesitan una victoria para salir del quinto puesto en la tabla de posiciones e ingresar en zona de clasificaci\u00f3n directa para el Mundial Rusia 2018.<\/p>\n<p>Argentina y Paraguay jugar\u00e1n ma\u00f1ana desde las 20.30 en el estadio Mario Alberto Kempes por la d\u00e9cima fecha de las Eliminatorias, con el arbitraje del uruguayo Daniel Ferdorczuk.<\/p>\n","protected":false},"excerpt":{"rendered":"<p>Aquella vez se hicieron arreglos de \u00faltimo momento que igualmente no evitaron las imperfecciones de un piso muy lejano al ideal para un compromiso de clasificaci\u00f3n mundialista. En el receso del f\u00fatbol local, el c\u00e9sped fue resembrado. Por esa raz\u00f3n fue mudado a la cancha de Instituto de C\u00f3rdoba el recital del grupo Aerosmith, que [&hellip;]<\/p>\n","protected":false},"author":1,"featured_media":92797,"comment_status":"open","ping_status":"open","sticky":false,"template":"","format":"standard","meta":{"_stopmodifiedupdate":false,"_modified_date":"","inline_featured_image":false},"categories":[7],"tags":[],"jetpack_featured_media_url":"https:\/\/notinor.com\/jujuy\/wp-content\/uploads\/2016\/10\/kempes.jpg","_links":{"self":[{"href":"https:\/\/notinor.com\/jujuy\/wp-json\/wp\/v2\/posts\/92795"}],"collection":[{"href":"https:\/\/notinor.com\/jujuy\/wp-json\/wp\/v2\/posts"}],"about":[{"href":"https:\/\/notinor.com\/jujuy\/wp-json\/wp\/v2\/types\/post"}],"author":[{"embeddable":true,"href":"https:\/\/notinor.com\/jujuy\/wp-json\/wp\/v2\/users\/1"}],"replies":[{"embeddable":true,"href":"https:\/\/notinor.com\/jujuy\/wp-json\/wp\/v2\/comments?post=92795"}],"version-history":[{"count":3,"href":"https:\/\/notinor.com\/jujuy\/wp-json\/wp\/v2\/posts\/92795\/revisions"}],"predecessor-version":[{"id":92799,"href":"https:\/\/notinor.com\/jujuy\/wp-json\/wp\/v2\/posts\/92795\/revisions\/92799"}],"wp:featuredmedia":[{"embeddable":true,"href":"https:\/\/notinor.com\/jujuy\/wp-json\/wp\/v2\/media\/92797"}],"wp:attachment":[{"href":"https:\/\/notinor.com\/jujuy\/wp-json\/wp\/v2\/media?parent=92795"}],"wp:term":[{"taxonomy":"category","embeddable":true,"href":"https:\/\/notinor.com\/jujuy\/wp-json\/wp\/v2\/categories?post=92795"},{"taxonomy":"post_tag","embeddable":true,"href":"https:\/\/notinor.com\/jujuy\/wp-json\/wp\/v2\/tags?post=92795"}],"curies":[{"name":"wp","href":"https:\/\/api.w.org\/{rel}","templated":true}]}}