{"id":92774,"date":"2016-10-11T00:00:01","date_gmt":"2016-10-11T03:00:01","guid":{"rendered":"http:\/\/notinor.com\/jujuy\/?p=92774"},"modified":"2016-10-10T21:17:28","modified_gmt":"2016-10-11T00:17:28","slug":"el-comercio-minorista-facturo-2-500-millones-de-pesos-en-el-fin-de-semana-largo","status":"publish","type":"post","link":"https:\/\/notinor.com\/jujuy\/el-comercio-minorista-facturo-2-500-millones-de-pesos-en-el-fin-de-semana-largo\/","title":{"rendered":"El comercio minorista factur\u00f3 2.500 millones de pesos en el fin de semana largo"},"content":{"rendered":"<p><a href=\"http:\/\/notinor.com\/jujuy\/wp-content\/uploads\/2016\/10\/ventas-feriado.jpg\"><img decoding=\"async\" loading=\"lazy\" class=\"alignnone size-full wp-image-92775\" src=\"http:\/\/notinor.com\/jujuy\/wp-content\/uploads\/2016\/10\/ventas-feriado.jpg\" alt=\"ventas-feriado\" width=\"1000\" height=\"540\" srcset=\"https:\/\/notinor.com\/jujuy\/wp-content\/uploads\/2016\/10\/ventas-feriado.jpg 1000w, https:\/\/notinor.com\/jujuy\/wp-content\/uploads\/2016\/10\/ventas-feriado-300x162.jpg 300w, https:\/\/notinor.com\/jujuy\/wp-content\/uploads\/2016\/10\/ventas-feriado-900x486.jpg 900w\" sizes=\"(max-width: 1000px) 100vw, 1000px\" \/><\/a><\/p>\n<p>Durante el fin de semana largo del feriado del 12 de octubre \"se han movilizado 1.350.000 personas, que gastaron unos $600 diarios en las tres jornadas de estad\u00eda. La ocupaci\u00f3n hotelera alcanz\u00f3 en promedio el 80%\", indic\u00f3 el presidente de la entidad Rub\u00e9n Manusovich.<br \/>\nLos destinos m\u00e1s receptivos fueron: la costa atl\u00e1ntica, en particular Villa Gesell y Pinamar, las sierras de C\u00f3rdoba y el litoral, en las termas de Entre R\u00edos y las Cataratas del Iguaz\u00fa, la ocupaci\u00f3n lleg\u00f3 al 95%.<br \/>\nTambi\u00e9n fue masiva la afluencia de visitantes en Tucum\u00e1n, Salta, Jujuy, La Rioja, Mendoza y San Luis; los rubros que m\u00e1s trabajaron fueron: hoteler\u00eda, gastronom\u00eda, indumentaria y calzado, servicios y regalos: artesanales y confituras.<br \/>\n\"Creemos que hay una incipiente recuperaci\u00f3n del consumo. El dinero que se movi\u00f3 en el mercado interno, es plata de actualizaciones salariales y devoluci\u00f3n del 'tarifazo', se nota que la gente tiene dinero en el bolsillo, y adem\u00e1s es dinero que desde las grandes ciudades, se transfiere al interior, a las econom\u00edas regionales\", a\u00f1adi\u00f3 Manusovich.<br \/>\nEn ese sentido, dijo \"eso es lo que reclamamos al gobierno, m\u00e1s gradualismo, para no seguir en recesi\u00f3n, para que el comercio y las pymes, recuperen su capacidad de generar puestos de trabajo, y adem\u00e1s la continuidad del cr\u00e9dito y la baja de las tasas de inter\u00e9s\".<br \/>\nPor su parte, la Confederaci\u00f3n Argentina de la Mediana Empresa (CAME) relev\u00f3 que el fin de semana largo moviliz\u00f3 a 923 mil personas que viajaron por la Argentina y gastaron $1.662 millones en las econom\u00edas regionales, un 4% menos que en el mismo fin de semana del a\u00f1o pasado.<br \/>\n\"El feriado tur\u00edstico del 12 de octubre fue positivo porque se traslad\u00f3 m\u00e1s gente que en 2015, pero las ventas vinculadas al turismo igual cayeron un 4% frente al mismo fin de semana del a\u00f1o pasado, porque las familias fueron muy medidas con sus gastos\", indic\u00f3 la CAME en un comunicado.<br \/>\nPese a la ca\u00edda de 4% en el nivel de ventas observada por CAME, la entidad coincide con Fedec\u00e1maras en que el gasto promedio diario se ubic\u00f3 en $600 por turista, con una estad\u00eda promedio de tres d\u00edas.<br \/>\nSeg\u00fan esta entidad, en lo que va de 2016, ya hubo seis fines de semanas largos (Carnaval, Semana Santa, D\u00eda de la Bandera, D\u00eda de la Independencia, homenaje a San Mart\u00edn y Diversidad Cultural) registr\u00e1ndose 7,4 millones de turistas con pernocte, que generaron un movimiento econ\u00f3mico directo de $13.535 millones en las econom\u00edas regionales.<\/p>\n","protected":false},"excerpt":{"rendered":"<p>Durante el fin de semana largo del feriado del 12 de octubre \"se han movilizado 1.350.000 personas, que gastaron unos $600 diarios en las tres jornadas de estad\u00eda. La ocupaci\u00f3n hotelera alcanz\u00f3 en promedio el 80%\", indic\u00f3 el presidente de la entidad Rub\u00e9n Manusovich. Los destinos m\u00e1s receptivos fueron: la costa atl\u00e1ntica, en particular Villa [&hellip;]<\/p>\n","protected":false},"author":1,"featured_media":92775,"comment_status":"open","ping_status":"open","sticky":false,"template":"","format":"standard","meta":{"_stopmodifiedupdate":false,"_modified_date":"","inline_featured_image":false},"categories":[5],"tags":[],"jetpack_featured_media_url":"https:\/\/notinor.com\/jujuy\/wp-content\/uploads\/2016\/10\/ventas-feriado.jpg","_links":{"self":[{"href":"https:\/\/notinor.com\/jujuy\/wp-json\/wp\/v2\/posts\/92774"}],"collection":[{"href":"https:\/\/notinor.com\/jujuy\/wp-json\/wp\/v2\/posts"}],"about":[{"href":"https:\/\/notinor.com\/jujuy\/wp-json\/wp\/v2\/types\/post"}],"author":[{"embeddable":true,"href":"https:\/\/notinor.com\/jujuy\/wp-json\/wp\/v2\/users\/1"}],"replies":[{"embeddable":true,"href":"https:\/\/notinor.com\/jujuy\/wp-json\/wp\/v2\/comments?post=92774"}],"version-history":[{"count":1,"href":"https:\/\/notinor.com\/jujuy\/wp-json\/wp\/v2\/posts\/92774\/revisions"}],"predecessor-version":[{"id":92776,"href":"https:\/\/notinor.com\/jujuy\/wp-json\/wp\/v2\/posts\/92774\/revisions\/92776"}],"wp:featuredmedia":[{"embeddable":true,"href":"https:\/\/notinor.com\/jujuy\/wp-json\/wp\/v2\/media\/92775"}],"wp:attachment":[{"href":"https:\/\/notinor.com\/jujuy\/wp-json\/wp\/v2\/media?parent=92774"}],"wp:term":[{"taxonomy":"category","embeddable":true,"href":"https:\/\/notinor.com\/jujuy\/wp-json\/wp\/v2\/categories?post=92774"},{"taxonomy":"post_tag","embeddable":true,"href":"https:\/\/notinor.com\/jujuy\/wp-json\/wp\/v2\/tags?post=92774"}],"curies":[{"name":"wp","href":"https:\/\/api.w.org\/{rel}","templated":true}]}}