{"id":9185,"date":"2014-12-17T01:06:36","date_gmt":"2014-12-17T01:06:36","guid":{"rendered":"http:\/\/notinor.com\/jujuy\/?p=9185"},"modified":"2014-12-17T01:26:00","modified_gmt":"2014-12-17T01:26:00","slug":"sin-respuesta-ni-convocatoria-al-dialogo-la-ite-inicia-una-jornada-de-lucha","status":"publish","type":"post","link":"https:\/\/notinor.com\/jujuy\/sin-respuesta-ni-convocatoria-al-dialogo-la-ite-inicia-una-jornada-de-lucha\/","title":{"rendered":"Sin respuesta, ni convocatoria al di\u00e1logo, la ITE inicia jornada de lucha"},"content":{"rendered":"<pre>Adem\u00e1s del paro, los trabajadores de la ITE concentraran en ATE los d\u00edas mi\u00e9rcoles,\r\njueves y viernes a las 9.00 hs.\r\n\r\nLa ITE resolvi\u00f3 convocar a estas medidas de fuerza  a partir que el\r\nGobierno suspendiera las reuniones previstas con los municipios y por\r\nhaber sido el Gobierno el que se retir\u00f3 de la \u00faltima reuni\u00f3n, cortando el\r\ndi\u00e1logo de manera unilateral. Tambi\u00e9n en forma unilateral, sali\u00f3 a imponer\r\nun bono de fin de a\u00f1o que es considerado insuficiente ante la inflaci\u00f3n\r\nactual que supera el 40%.\r\n\r\nRespecto a las asignaciones familiares, el planteo de la ITE es que se\r\npague Asignaci\u00f3n sin topes, ni tramos, de manera que los trabajadores\r\npuedan recuperar la perdida que por este concepto sufrieron desde junio de\r\n2014.\r\n\r\nEn la \u00faltima reuni\u00f3n con el gobierno los funcionarios se comprometieron a\r\nrealizar reuniones en distintos municipios y comisiones municipales con\r\nlos intendentes para solucionar las problem\u00e1ticas de los trabajadores\r\nmunicipales pero, demostrando mala fe negociadora, seg\u00fan aprecian desde la ITE,\r\nen consecuencia estas reuniones no se concretaron.\r\n\r\nJornada con CTA\r\n\r\nEn este marco de lucha provincial, la Intersindical confluir\u00e1 con la\r\njornada de lucha nacional convocada por la CTA Aut\u00f3noma para el jueves 18\r\nde diciembre, de la cual participar\u00e1n trabajadores de la actividad estatal\r\ny privada.\r\n\r\nLa jornada de lucha de la CTA Aut\u00f3noma tiene como ejes un bono de fin de\r\na\u00f1o de 4.000 pesos y aumento de emergencia para los jubilados, aumento\r\nsalarial, reapertura de paritarias y trabajo en blanco<\/pre>\n","protected":false},"excerpt":{"rendered":"<p>Adem\u00e1s del paro, los trabajadores de la ITE concentraran en ATE los d\u00edas mi\u00e9rcoles, jueves y viernes a las 9.00 hs. La ITE resolvi\u00f3 convocar a estas medidas de fuerza a partir que el Gobierno suspendiera las reuniones previstas con los municipios y por haber sido el Gobierno el que se retir\u00f3 de la \u00faltima [&hellip;]<\/p>\n","protected":false},"author":1,"featured_media":9186,"comment_status":"open","ping_status":"open","sticky":false,"template":"","format":"standard","meta":{"_stopmodifiedupdate":false,"_modified_date":"","inline_featured_image":false,"spay_email":"","jetpack_publicize_message":""},"categories":[485],"tags":[],"jetpack_featured_media_url":"https:\/\/notinor.com\/jujuy\/wp-content\/uploads\/2014\/12\/Notinor.-Intersindical.png","jetpack_publicize_connections":[],"_links":{"self":[{"href":"https:\/\/notinor.com\/jujuy\/wp-json\/wp\/v2\/posts\/9185"}],"collection":[{"href":"https:\/\/notinor.com\/jujuy\/wp-json\/wp\/v2\/posts"}],"about":[{"href":"https:\/\/notinor.com\/jujuy\/wp-json\/wp\/v2\/types\/post"}],"author":[{"embeddable":true,"href":"https:\/\/notinor.com\/jujuy\/wp-json\/wp\/v2\/users\/1"}],"replies":[{"embeddable":true,"href":"https:\/\/notinor.com\/jujuy\/wp-json\/wp\/v2\/comments?post=9185"}],"version-history":[{"count":3,"href":"https:\/\/notinor.com\/jujuy\/wp-json\/wp\/v2\/posts\/9185\/revisions"}],"predecessor-version":[{"id":9199,"href":"https:\/\/notinor.com\/jujuy\/wp-json\/wp\/v2\/posts\/9185\/revisions\/9199"}],"wp:featuredmedia":[{"embeddable":true,"href":"https:\/\/notinor.com\/jujuy\/wp-json\/wp\/v2\/media\/9186"}],"wp:attachment":[{"href":"https:\/\/notinor.com\/jujuy\/wp-json\/wp\/v2\/media?parent=9185"}],"wp:term":[{"taxonomy":"category","embeddable":true,"href":"https:\/\/notinor.com\/jujuy\/wp-json\/wp\/v2\/categories?post=9185"},{"taxonomy":"post_tag","embeddable":true,"href":"https:\/\/notinor.com\/jujuy\/wp-json\/wp\/v2\/tags?post=9185"}],"curies":[{"name":"wp","href":"https:\/\/api.w.org\/{rel}","templated":true}]}}