{"id":9034,"date":"2014-12-16T03:09:11","date_gmt":"2014-12-16T03:09:11","guid":{"rendered":"http:\/\/notinor.com\/jujuy\/?p=9034"},"modified":"2014-12-16T03:10:07","modified_gmt":"2014-12-16T03:10:07","slug":"la-policia-rescato-a-sangre-y-fuego-a-rehenes-en-sidney-y-mato-al-terrorista-islamico","status":"publish","type":"post","link":"https:\/\/notinor.com\/jujuy\/la-policia-rescato-a-sangre-y-fuego-a-rehenes-en-sidney-y-mato-al-terrorista-islamico\/","title":{"rendered":"La polic\u00eda rescat\u00f3 a sangre y fuego a rehenes en Sidney y mat\u00f3 al terrorista isl\u00e1mico"},"content":{"rendered":"<p>La polic\u00eda australiana tom\u00f3 por asalto, el martes, la cafeter\u00eda en Sidney donde un hombre armado que se autoproclam\u00f3 el Estado Isl\u00e1mico tom\u00f3 como rehenes a 17 personas por m\u00e1s de 15 horas, y se escucharon fuertes disparos. La Polic\u00eda confirm\u00f3 en conferencia de prensa que la redada termin\u00f3 con tres muertos: el terrorista y dos rehenes, un hombre de 34 a\u00f1os y una mujer de 38. Hay cuatro personas heridas.<\/p>\n<p>Momentos antes, se observ\u00f3 a seis rehenes corriendo hacia la calle desde el interior del Lindt Chocolat Caf\u00e9 en el centro de Sydney, donde estuvieron retenidos por un iran\u00ed identificado como Man Haron Monis. Autoproclamado jeque, dijo que actuaba en nombre del Estado Isl\u00e1mico.<\/p>\n<p>La polic\u00eda se abalanz\u00f3 sobre el negocio poco despu\u00e9s de la salida de los rehenes. Se vio luego c\u00f3mo varios agentes escoltaron a una mujer llorando y al menos otras dos personas eran trasladadas en camillas.<\/p>\n<p>\"La operaci\u00f3n ha terminado\", confirm\u00f3 un vocero la Polic\u00eda la madrugada del martes (hora australiana), pero no revel\u00f3 m\u00e1s detalles.<\/p>\n<p>El saldo del rescate fue de dos muertos, uno de ellos el terrorista isl\u00e1mico. Se desconoce a\u00fan si el otro fue uno de los rehenes.<\/p>\n<h1><strong>Antecedentes<\/strong><\/h1>\n<p>El hombre retuvo a una docena de personas en el caf\u00e9, donde fue colocada una bandera islamista. Cinco rehenes ya hab\u00edan logrado salir del lugar, ubicado en el centro de esta ciudad australiana.<br \/>\nDecenas de polic\u00edas armados rodearon el Lindt Chocolat Caf\u00e9, un establecimiento situado en el distrito de negocios de Martin Place, una plaza peatonal ubicada en el centro de Sidney.<\/p>\n<p>Las im\u00e1genes de televisi\u00f3n mostraron en las ventanas del caf\u00e9 una bandera negra con la inscripci\u00f3n en \u00e1rabe \"No hay otro Dios que Al\u00e1, Mohamed es el mensajero de Al\u00e1\".<\/p>\n<p>Im\u00e1genes publicadas por el canal 9 News muestran al presunto secuestrador con ropa negra, una mochila y un gorro con lo que parecen inscripciones en \u00e1rabe.<\/p>\n<p>La Polic\u00eda australiana contact\u00f3 al yihadista, quien asegur\u00f3 que su secuestro era \"pac\u00edfico\". El primer ministro de Australia, Tony Abbott, dijo que el secuestrador actuaba por \"motivaciones pol\u00edticas\".<\/p>\n<p>\"Este es un incidente muy perturbador. Puedo entender las preocupaciones y ansiedades de la gente de Australia\", dijo Abbott a la prensa en Canberra.<\/p>\n<p>Seis horas despu\u00e9s del inicio de la toma de rehenes, cinco personas -tres hombres primero y dos mujeres poco despu\u00e9s- salieron corriendo del caf\u00e9, seg\u00fan la Polic\u00eda y un periodista de la agencia AFP.<\/p>\n<p>La cadena Channel Ten dijo que hab\u00eda hablado con dos rehenes en el interior y que el secuestrador hab\u00eda hecho dos demandas.<\/p>\n<p>\"Quiere que la bandera del grupo Estado Isl\u00e1mico (ISIS, por sus siglas en ingl\u00e9s) le sea entregada directamente en el caf\u00e9 y su segunda petici\u00f3n es hablar con el primer ministro\", tuite\u00f3 la cadena.<\/p>\n<p>\"Tambi\u00e9n dijeron (los rehenes) que hab\u00eda cuatro bombas... dos dentro del caf\u00e9 Lindt en Martin Place y otras dos en el Sidney CBD\", el barrio de negocios donde se halla el local.<\/p>\n<p>No hubo ninguna confirmaci\u00f3n de la Polic\u00eda. Una fuente de ese cuerpo dijo, por otro lado, que al parecer no hay heridos en el caf\u00e9.<\/p>\n<p>\"Todav\u00eda no pudimos confirmar que se trate de un hecho vinculado al terrorismo\", dijo por su parte Andrew Scipione, jefe de la Polic\u00eda del estado de Nueva Gales del Sur.<\/p>\n<p>La cantidad de personas retenidas en el caf\u00e9 era inferior a 30, seg\u00fan Catherine Burn, adjunta del jefe de Polic\u00eda.<\/p>\n<p>La polic\u00eda hizo evacuar la \u00f3pera de Sidney, situada a poca distancia, aunque no confirm\u00f3 si los dos incidentes estaban relacionados.<\/p>\n<p>Australia ha estado en alerta en las \u00faltimas semanas por el temor del Gobierno de que algunos de sus ciudadanos que luchan junto a los yihadistas en Irak y Siria puedan cometer ataques a su regreso al pa\u00eds.<\/p>\n<h1><strong>Temor a ataques terroristas<\/strong><\/h1>\n<p>Patrick Byrne, un productor de la cadena Channel Seven que trabaja en un despacho justo delante del caf\u00e9, explic\u00f3 lo que vio por la ventana.<\/p>\n<p>\"Fuimos corriendo a la ventana y tuvimos la visi\u00f3n estremecedora de gente poniendo sus manos contra los cristales\", dijo a la Australian Broadcasting Corporation.<\/p>\n<p>Martin Place es el centro financiero de Sidney, donde est\u00e1n, entre otros, las oficinas del estado de Nueva Gales del Sur, el consulado estadounidense y varios bancos.<\/p>\n<p>Muchas tiendas decidieron cerrar temprano y en las calles se ve\u00eda mucha menos gente de lo habitual.<\/p>\n<p>\"Es triste pensar que esta es mi casa y que eso podr\u00eda pasar en cualquier sitio\", dijo Rebecca Courtney, que estaba en la zona.<\/p>\n<p>Seg\u00fan el periodista Chris Kenny, que estaba en el Lindt Caf\u00e9 poco antes de que empezara la toma de rehenes, las puertas autom\u00e1ticas hab\u00edan sido desconectadas.<\/p>\n<p>\"Una mujer me dijo que intent\u00f3 entrar poco despu\u00e9s de que yo saliera con mi caf\u00e9 pero que las puertas estaban cerradas\", explic\u00f3 al peri\u00f3dico The Australian, en el que trabaja.<\/p>\n<p>El presidente de Estados Unidos, Barack Obama, ha sido informado de los hechos, indic\u00f3 un vocero de la Casa Blanca.<\/p>\n<p>El incidente coincide con el arresto en Sidney de un hombre de 25 a\u00f1os que, seg\u00fan las autoridades, podr\u00eda formar parte de un plan para cometer atentados en territorio australiano.<\/p>\n<p>Su arresto forma parte de las \"investigaciones en curso para planificar un ataque terrorista en suelo australiano y para facilitar el viaje de ciudadanos australianos a Siria para participar en la lucha armada\".<\/p>\n<p>Por el momento se desconoce si la detenci\u00f3n y la situaci\u00f3n en el caf\u00e9 est\u00e1n relacionados.<\/p>\n<p>En septiembre, el Gobierno decidi\u00f3 aumentar el nivel de alerta por amenazas terroristas y la Polic\u00eda llev\u00f3 a cabo operaciones antiterroristas en todo el pa\u00eds, en las que s\u00f3lo se acus\u00f3 a dos personas.<\/p>\n<p>Actualmente hay m\u00e1s de 70 australianos luchando junto a los yihadistas en Irak y Siria, donde al menos 20 han muerto.<\/p>\n","protected":false},"excerpt":{"rendered":"<p>La polic\u00eda australiana tom\u00f3 por asalto, el martes, la cafeter\u00eda en Sidney donde un hombre armado que se autoproclam\u00f3 el Estado Isl\u00e1mico tom\u00f3 como rehenes a 17 personas por m\u00e1s de 15 horas, y se escucharon fuertes disparos. La Polic\u00eda confirm\u00f3 en conferencia de prensa que la redada termin\u00f3 con tres muertos: el terrorista y [&hellip;]<\/p>\n","protected":false},"author":1,"featured_media":9035,"comment_status":"open","ping_status":"open","sticky":false,"template":"","format":"standard","meta":{"_stopmodifiedupdate":false,"_modified_date":"","inline_featured_image":false,"spay_email":"","jetpack_publicize_message":""},"categories":[6],"tags":[],"jetpack_featured_media_url":"https:\/\/notinor.com\/jujuy\/wp-content\/uploads\/2014\/12\/TERRORISTA-SYDNEY.jpg","jetpack_publicize_connections":[],"_links":{"self":[{"href":"https:\/\/notinor.com\/jujuy\/wp-json\/wp\/v2\/posts\/9034"}],"collection":[{"href":"https:\/\/notinor.com\/jujuy\/wp-json\/wp\/v2\/posts"}],"about":[{"href":"https:\/\/notinor.com\/jujuy\/wp-json\/wp\/v2\/types\/post"}],"author":[{"embeddable":true,"href":"https:\/\/notinor.com\/jujuy\/wp-json\/wp\/v2\/users\/1"}],"replies":[{"embeddable":true,"href":"https:\/\/notinor.com\/jujuy\/wp-json\/wp\/v2\/comments?post=9034"}],"version-history":[{"count":1,"href":"https:\/\/notinor.com\/jujuy\/wp-json\/wp\/v2\/posts\/9034\/revisions"}],"predecessor-version":[{"id":9037,"href":"https:\/\/notinor.com\/jujuy\/wp-json\/wp\/v2\/posts\/9034\/revisions\/9037"}],"wp:featuredmedia":[{"embeddable":true,"href":"https:\/\/notinor.com\/jujuy\/wp-json\/wp\/v2\/media\/9035"}],"wp:attachment":[{"href":"https:\/\/notinor.com\/jujuy\/wp-json\/wp\/v2\/media?parent=9034"}],"wp:term":[{"taxonomy":"category","embeddable":true,"href":"https:\/\/notinor.com\/jujuy\/wp-json\/wp\/v2\/categories?post=9034"},{"taxonomy":"post_tag","embeddable":true,"href":"https:\/\/notinor.com\/jujuy\/wp-json\/wp\/v2\/tags?post=9034"}],"curies":[{"name":"wp","href":"https:\/\/api.w.org\/{rel}","templated":true}]}}