{"id":89003,"date":"2016-09-13T02:24:34","date_gmt":"2016-09-13T05:24:34","guid":{"rendered":"http:\/\/notinor.com\/jujuy\/?p=89003"},"modified":"2016-09-13T02:24:34","modified_gmt":"2016-09-13T05:24:34","slug":"morales-la-designacion-por-concurso-publico-marca-un-antes-y-un-despues","status":"publish","type":"post","link":"https:\/\/notinor.com\/jujuy\/morales-la-designacion-por-concurso-publico-marca-un-antes-y-un-despues\/","title":{"rendered":"Morales: la designaci\u00f3n por Concurso P\u00fablico \u201cmarca un antes y un despu\u00e9s\u201d"},"content":{"rendered":"<p>&nbsp;<\/p>\n<p style=\"text-align: center;\"><a href=\"http:\/\/notinor.com\/jujuy\/wp-content\/uploads\/2016\/09\/20160912_185745.jpg\"><img decoding=\"async\" loading=\"lazy\" class=\"alignnone size-full wp-image-89004\" src=\"http:\/\/notinor.com\/jujuy\/wp-content\/uploads\/2016\/09\/20160912_185745.jpg\" alt=\"contrera\" width=\"2560\" height=\"1920\" srcset=\"https:\/\/notinor.com\/jujuy\/wp-content\/uploads\/2016\/09\/20160912_185745.jpg 2560w, https:\/\/notinor.com\/jujuy\/wp-content\/uploads\/2016\/09\/20160912_185745-300x225.jpg 300w, https:\/\/notinor.com\/jujuy\/wp-content\/uploads\/2016\/09\/20160912_185745-1024x768.jpg 1024w, https:\/\/notinor.com\/jujuy\/wp-content\/uploads\/2016\/09\/20160912_185745-900x675.jpg 900w\" sizes=\"(max-width: 2560px) 100vw, 2560px\" \/><\/a><\/p>\n<p>En el d\u00eda de ayer, el Dr. Mario Contreras tom\u00f3 juramento y posesi\u00f3n del cargo como Defensor en la C\u00e1mara de Casaci\u00f3n Penal, en el Sal\u00f3n V\u00e9lez Sarsfield del Poder Judicial de la provincia, esta designaci\u00f3n, seg\u00fan el gobernador de la provincia, Gerardo Morales \u201ces hist\u00f3rica, emblem\u00e1tica porque significa un cambio trascendental para mejorar la independencia del Poder Judicial, y mejorar la calidad y la idoneidad de los que ocupan los cargos\u201d<\/p>\n<p>En di\u00e1logo con <strong>NOTINOR.COM<\/strong> el Dr. Mario Orlando Contreras tras prestar juramento y tomar posesi\u00f3n de su cargo coment\u00f3 respecto a los concursos para la asignaci\u00f3n de cargos que \u201cla institucionalidad est\u00e1 generando mayor calidad, creo que antes era lo cu\u00e1ntico y ahora pasamos a la calidad institucional que es lo m\u00e1s importante\u201d y que en este sentido el Tribunal de Evaluaci\u00f3n \u201clo que est\u00e1 haciendo es mejorar la selecci\u00f3n de los aspirantes a un cargo con transparencia\u201d<\/p>\n<p>Finalmente Contreras sentenci\u00f3 que desde la creaci\u00f3n del Tribunal \u201chay un punto de quiebre en todo el sistema judicial y el sistema del derecho, para acceder a los cargos\u201d<\/p>\n<p>El acto fue presidido por el gobernador de la provincia, CPN Gerardo Morales, acompa\u00f1ado en el estrado por los jueces del Superior Tribunal de Justicia doctores Clara Aurora De Langhe de Falcone \u2013 presidente-, Federico Francisco Otaola, Sergio Jenefes, Laura Lamas Gonz\u00e1lez, Beatriz Altamirano y Pablo Baca, y el vicegobernador CPN Carlos Haquim.<\/p>\n<p>Asistieron adem\u00e1s el Fiscal General del Ministerio P\u00fablico de la Acusaci\u00f3n, Dr. Sergio Lello S\u00e1nchez; la Defensora General del Ministerio P\u00fablico de la Defensa Penal, Dra. Ivone Haquim; la Fiscal General Adjunto del Superior Tribunal de Justicia, Dra. A\u00edda Elena Dajer; los ministros de Gobierno y Justicia, Agust\u00edn Perassi, y de Seguridad, Dr. Ekel Meyer; los presidentes de los Colegios de Magistrados y Funcionarios, Dra. Norma Issa, y de Abogados y Procuradores, Dr. Fernando Zurueta; miembros del Tribunal de Evaluaci\u00f3n de los Concursos P\u00fablicos, entre otras autoridades e invitados especiales.<\/p>\n<p>La elecci\u00f3n del Dr. Contreras como Defensor Publico en la C\u00e1mara de Casaci\u00f3n Penal de la provincia, es el resultado de las reformas judiciales impulsadas por el gobierno de la provincia desde que asumieron las nuevas autoridades, donde se cre\u00f3 un Comit\u00e9 Evaluador para la selecci\u00f3n de magistrados, defensores y fiscales del Poder Judicial.<\/p>\n<p style=\"text-align: center;\"><a href=\"http:\/\/notinor.com\/jujuy\/wp-content\/uploads\/2016\/09\/CAM00132.jpg\"><img decoding=\"async\" loading=\"lazy\" class=\"alignnone size-full wp-image-89005\" src=\"http:\/\/notinor.com\/jujuy\/wp-content\/uploads\/2016\/09\/CAM00132.jpg\" alt=\"cam00132\" width=\"2560\" height=\"1920\" srcset=\"https:\/\/notinor.com\/jujuy\/wp-content\/uploads\/2016\/09\/CAM00132.jpg 2560w, https:\/\/notinor.com\/jujuy\/wp-content\/uploads\/2016\/09\/CAM00132-300x225.jpg 300w, https:\/\/notinor.com\/jujuy\/wp-content\/uploads\/2016\/09\/CAM00132-1024x768.jpg 1024w, https:\/\/notinor.com\/jujuy\/wp-content\/uploads\/2016\/09\/CAM00132-900x675.jpg 900w\" sizes=\"(max-width: 2560px) 100vw, 2560px\" \/><\/a><\/p>\n<p>La presidenta del Superior Tribunal, la Dra. Clara Aurora De Langhe de Falcone tom\u00f3 juramento al Dr. Contreras.<\/p>\n<p>En el acto tom\u00f3 la palabra el Sr. juez del Superior Tribunal de Justicia y presidente del Tribunal de Evaluaci\u00f3n de los Concursos P\u00fablicos, el Dr. Pablo Baca y respecto a la nueva modalidad de designaci\u00f3n de cargos por concurso expres\u00f3 que \u201cdemocratiza a la provincia, mejora el sistema de divisi\u00f3n de poderes y da oportunidad a todos\u201d<\/p>\n<p>Por su parte, la presidenta del Superior Tribunal de Justicia la Dra. De Langhe de Falcone, dirigi\u00e9ndose al Dr. Contreras le dijo \u201cmarcas un hito en la historia de nuestra provincia al ser el primer ganador de este concurso\u201d<\/p>\n<p>Tambi\u00e9n destac\u00f3 que \u201cen la vida institucional de Jujuy no exist\u00eda esto, ya se sab\u00eda qui\u00e9n iba a venir a ocupar un cargo, no hab\u00eda igualdad de oportunidades\u201d pero que con los concursos la designaci\u00f3n por oposici\u00f3n, antecedentes y entrevista dar\u00e1n transparencia a los procesos de designaci\u00f3n as\u00ed como tambi\u00e9n se garantizar\u00e1 que \u201clos cargos sean ocupados por aquel que est\u00e9 capacitado, sea eficiente y tenga vocaci\u00f3n del servicio de justicia\u201d<\/p>\n<p>Finalmente hizo uso de la palabra el gobernador de la provincia Gerardo Morales quien se\u00f1al\u00f3 que los concursos \u201cmejoran la calidad institucional, la creaci\u00f3n de Tribunal Evaluador es un filtro por antecedentes, oposici\u00f3n y entrevista para evaluar la calidad de los postulantes a un cargo de juez, fiscal o defensor\u201d<\/p>\n<p>En di\u00e1logo con <strong>NOTINOR.COM<\/strong> el gobernador de la provincia Gerardo Morales, respecto al acto de jura y asunci\u00f3n, a\u00f1adi\u00f3 \u201cten\u00edamos que salir del amiguismo o tutelaje pol\u00edtico, cualquier ciudadano juje\u00f1o id\u00f3neo y capaz puede ser juez fiscal o defensor, esto marca un antes y un despu\u00e9s, es el camino que tenemos que seguir\u201d porque as\u00ed \u201cvamos a mejorar en la administraci\u00f3n de justicia\u201d<\/p>\n<p>Felicit\u00f3 al Dr. Contreras por haber ganado el cargo de Defensor y en la misma l\u00ednea de buscar transparencia en la justicia y democratizar los procesos de selecci\u00f3n y proyect\u00f3 implementar un Tribunal de Evaluaci\u00f3n tambi\u00e9n en los \u201cconcursos para los secretarios y prosecretarios\u201d siendo esto \u201cun paso m\u00e1s, un paso importante en t\u00e9rminos de calidad e idoneidad\u201d<\/p>\n","protected":false},"excerpt":{"rendered":"<p>&nbsp; En el d\u00eda de ayer, el Dr. Mario Contreras tom\u00f3 juramento y posesi\u00f3n del cargo como Defensor en la C\u00e1mara de Casaci\u00f3n Penal, en el Sal\u00f3n V\u00e9lez Sarsfield del Poder Judicial de la provincia, esta designaci\u00f3n, seg\u00fan el gobernador de la provincia, Gerardo Morales \u201ces hist\u00f3rica, emblem\u00e1tica porque significa un cambio trascendental para mejorar [&hellip;]<\/p>\n","protected":false},"author":1,"featured_media":89004,"comment_status":"open","ping_status":"open","sticky":false,"template":"","format":"standard","meta":{"_stopmodifiedupdate":false,"_modified_date":"","inline_featured_image":false},"categories":[493],"tags":[],"jetpack_featured_media_url":"https:\/\/notinor.com\/jujuy\/wp-content\/uploads\/2016\/09\/20160912_185745.jpg","_links":{"self":[{"href":"https:\/\/notinor.com\/jujuy\/wp-json\/wp\/v2\/posts\/89003"}],"collection":[{"href":"https:\/\/notinor.com\/jujuy\/wp-json\/wp\/v2\/posts"}],"about":[{"href":"https:\/\/notinor.com\/jujuy\/wp-json\/wp\/v2\/types\/post"}],"author":[{"embeddable":true,"href":"https:\/\/notinor.com\/jujuy\/wp-json\/wp\/v2\/users\/1"}],"replies":[{"embeddable":true,"href":"https:\/\/notinor.com\/jujuy\/wp-json\/wp\/v2\/comments?post=89003"}],"version-history":[{"count":1,"href":"https:\/\/notinor.com\/jujuy\/wp-json\/wp\/v2\/posts\/89003\/revisions"}],"predecessor-version":[{"id":89006,"href":"https:\/\/notinor.com\/jujuy\/wp-json\/wp\/v2\/posts\/89003\/revisions\/89006"}],"wp:featuredmedia":[{"embeddable":true,"href":"https:\/\/notinor.com\/jujuy\/wp-json\/wp\/v2\/media\/89004"}],"wp:attachment":[{"href":"https:\/\/notinor.com\/jujuy\/wp-json\/wp\/v2\/media?parent=89003"}],"wp:term":[{"taxonomy":"category","embeddable":true,"href":"https:\/\/notinor.com\/jujuy\/wp-json\/wp\/v2\/categories?post=89003"},{"taxonomy":"post_tag","embeddable":true,"href":"https:\/\/notinor.com\/jujuy\/wp-json\/wp\/v2\/tags?post=89003"}],"curies":[{"name":"wp","href":"https:\/\/api.w.org\/{rel}","templated":true}]}}