{"id":86901,"date":"2016-08-30T04:00:31","date_gmt":"2016-08-30T07:00:31","guid":{"rendered":"http:\/\/notinor.com\/jujuy\/?p=86901"},"modified":"2016-08-30T04:00:31","modified_gmt":"2016-08-30T07:00:31","slug":"avanzan-en-la-regulacion-del-uso-del-espacio-publico","status":"publish","type":"post","link":"https:\/\/notinor.com\/jujuy\/avanzan-en-la-regulacion-del-uso-del-espacio-publico\/","title":{"rendered":"Avanzan en la regulaci\u00f3n del Uso del espacio p\u00fablico"},"content":{"rendered":"<p><a href=\"http:\/\/notinor.com\/jujuy\/wp-content\/uploads\/2016\/08\/union-de-empresarios-y-municipalidad-vendedores-ambulantes.jpg\"><img decoding=\"async\" loading=\"lazy\" class=\"alignnone size-full wp-image-86902\" src=\"http:\/\/notinor.com\/jujuy\/wp-content\/uploads\/2016\/08\/union-de-empresarios-y-municipalidad-vendedores-ambulantes.jpg\" alt=\"union de empresarios y municipalidad vendedores ambulantes\" width=\"1024\" height=\"576\" srcset=\"https:\/\/notinor.com\/jujuy\/wp-content\/uploads\/2016\/08\/union-de-empresarios-y-municipalidad-vendedores-ambulantes.jpg 1024w, https:\/\/notinor.com\/jujuy\/wp-content\/uploads\/2016\/08\/union-de-empresarios-y-municipalidad-vendedores-ambulantes-300x169.jpg 300w, https:\/\/notinor.com\/jujuy\/wp-content\/uploads\/2016\/08\/union-de-empresarios-y-municipalidad-vendedores-ambulantes-199x112.jpg 199w, https:\/\/notinor.com\/jujuy\/wp-content\/uploads\/2016\/08\/union-de-empresarios-y-municipalidad-vendedores-ambulantes-900x506.jpg 900w\" sizes=\"(max-width: 1024px) 100vw, 1024px\" \/><\/a><\/p>\n<p>&nbsp;<\/p>\n<p>El presidente de la UEJ, Ignacio Sadir, manifest\u00f3 que \u201cparticiparon concejales de todos los partidos, en un marco democr\u00e1tico muy interesante, en el que pudimos hacer nuestros aportes para introducir dentro del proyecto, como ser el concepto de vendedor ambulante, es decir que realmente se contemple a aquellos que necesitan de esta venta para poder vivir, y no para algunos poderosos que compran grandes cantidades de mercader\u00eda que ingresa al pa\u00eds de manera ilegal y que es vendida en todo el pa\u00eds, fundamentalmente mercader\u00eda china, que no es obtenida con mano de obra local, restando las posibilidades de empleo genuino hoy tan necesario en nuestro pa\u00eds. Por otra parte controlar qu\u00e9 es lo que se vende, que la mercader\u00eda tenga las condiciones de salubridad, higiene y seguridad para la vida humana, ya que hay art\u00edculos fundamentalmente de jugueter\u00eda y gastronom\u00eda que no re\u00fanen las condiciones para el uso humano\u201d.<\/p>\n<p>\u201cTambi\u00e9n solicitamos que esto no quede solo en el marco municipal \u2013continu\u00f3 Sadir-, sino que trascienda a lo provincial y nacional, que ampl\u00eden este tema, ya que en el pa\u00eds tiene que haber nuevas condiciones y reglas de juego, como ser una ley tributaria accesible a todos los niveles, una ley laboral que sea acorde a los tiempos que estamos viviendo, porque si reglamentamos esta ordenanza y nos quedamos s\u00f3lo en el tema de la reubicaci\u00f3n de los vendedores ambulantes, cuando se logre incorporar esa gente al sistema formal y no puedan cumplir con las obligaciones, inmediatamente volver\u00e1n al sistema de la informalidad. Hoy tenemos una presi\u00f3n laboral de pr\u00e1cticamente un 46% del ingreso que tienen las PYMES, realidad que no va a permitir que los informales se muden a la formalidad. Este es un tema que trasciende lo municipal, que alcanza lo Provincial y Nacional, por ello planteamos la necesidad de conformar foros de discusi\u00f3n en esos tres niveles, como lo realizo la UEJ hace tres a\u00f1os atras\u201d.<\/p>\n<p>El referente de las empresas PYMES de Jujuy sostuvo que el mi\u00e9rcoles se enviar\u00e1 los aportes a la ordenanza por escrito al Concejo Deliberante y expres\u00f3 su apoyo al Municipio respecto a la seriedad con el que se est\u00e1 tomando el tema de la venta ambulante e informal.<\/p>\n<p>Lisandro Aguiar, presidente del Consejo Deliberante, explic\u00f3 que \u201cestamos tratando un proyecto tendiente a regular la ocupaci\u00f3n del espacio p\u00fablico para la realizaci\u00f3n de actividades de car\u00e1cter comercial, para lo cual nos hemos reunido con el \u00e1rea de contralor del ejecutivo municipal, sectores de la venta ambulante, el sindicato que nucl\u00e9a a los empleados de comercio, vecinos del sector de Gorriti, \u00e1rea m\u00e1s afectada, y hoy con los empresarios. Destaco los importantes consensos y el \u00e1mbito de respeto en el que se viene dando este debate. Estamos trabajando con los concejales de los distintos bloques en una iniciativa que acuerde en gran medida los aportes que se vienen realizando\u201d.<\/p>\n<p>El presidente del Concejo Deliberante agreg\u00f3 que \u201clas mayores aquiescencias son que la ocupaci\u00f3n del espacio p\u00fablico para las actividades comerciales debe ser en car\u00e1cter excepcional, que se debe tener en cuenta la necesidad de las personas que la desarrollan, realizar estudias socioambientales para otorgar los permisos, combatir fuertemente a aquellos que se aprovechan de las personas para sacar r\u00e9ditos econ\u00f3micos sin cumplir con las normativas vigentes, esta actividad no se puede desarrollar con menores de edad, tampoco con empleados, en lo que hace a la comida debe garantizarse la seguridad alimentaria, entre otros\u201d.<\/p>\n<p>Aguiar remarc\u00f3 que el fin es \u201cestablece los derechos y obligaciones de aquellos que quieran ocupar un espacio p\u00fablico, qui\u00e9nes pueden hacerlo, cu\u00e1l es la forma, d\u00f3nde, c\u00f3mo, dar claridad jur\u00eddica; es una herramienta legislativa que se le da al ejecutivo que viene desarrollando una actividad tendiente a organizar ese espacio\u201d.<\/p>\n<p>Finalmente dijo que \u201cla UEJ brind\u00f3 su apoyo a la iniciativa, les pareci\u00f3 una idea constructiva sobre la necesidad de generar este tipo de normativa a fin de seguir apoyando en esta tarea que est\u00e1 desarrollando el ejecutivo municipal. Van a hacer aportes puntuales pero hay un acuerdo general en la normativa y la idea es avanzar en su tratamiento\u201d.<\/p>\n","protected":false},"excerpt":{"rendered":"<p>&nbsp; El presidente de la UEJ, Ignacio Sadir, manifest\u00f3 que \u201cparticiparon concejales de todos los partidos, en un marco democr\u00e1tico muy interesante, en el que pudimos hacer nuestros aportes para introducir dentro del proyecto, como ser el concepto de vendedor ambulante, es decir que realmente se contemple a aquellos que necesitan de esta venta para [&hellip;]<\/p>\n","protected":false},"author":1,"featured_media":86902,"comment_status":"open","ping_status":"open","sticky":false,"template":"","format":"standard","meta":{"_stopmodifiedupdate":false,"_modified_date":"","inline_featured_image":false},"categories":[2,485,501],"tags":[],"jetpack_featured_media_url":"https:\/\/notinor.com\/jujuy\/wp-content\/uploads\/2016\/08\/union-de-empresarios-y-municipalidad-vendedores-ambulantes.jpg","_links":{"self":[{"href":"https:\/\/notinor.com\/jujuy\/wp-json\/wp\/v2\/posts\/86901"}],"collection":[{"href":"https:\/\/notinor.com\/jujuy\/wp-json\/wp\/v2\/posts"}],"about":[{"href":"https:\/\/notinor.com\/jujuy\/wp-json\/wp\/v2\/types\/post"}],"author":[{"embeddable":true,"href":"https:\/\/notinor.com\/jujuy\/wp-json\/wp\/v2\/users\/1"}],"replies":[{"embeddable":true,"href":"https:\/\/notinor.com\/jujuy\/wp-json\/wp\/v2\/comments?post=86901"}],"version-history":[{"count":1,"href":"https:\/\/notinor.com\/jujuy\/wp-json\/wp\/v2\/posts\/86901\/revisions"}],"predecessor-version":[{"id":86903,"href":"https:\/\/notinor.com\/jujuy\/wp-json\/wp\/v2\/posts\/86901\/revisions\/86903"}],"wp:featuredmedia":[{"embeddable":true,"href":"https:\/\/notinor.com\/jujuy\/wp-json\/wp\/v2\/media\/86902"}],"wp:attachment":[{"href":"https:\/\/notinor.com\/jujuy\/wp-json\/wp\/v2\/media?parent=86901"}],"wp:term":[{"taxonomy":"category","embeddable":true,"href":"https:\/\/notinor.com\/jujuy\/wp-json\/wp\/v2\/categories?post=86901"},{"taxonomy":"post_tag","embeddable":true,"href":"https:\/\/notinor.com\/jujuy\/wp-json\/wp\/v2\/tags?post=86901"}],"curies":[{"name":"wp","href":"https:\/\/api.w.org\/{rel}","templated":true}]}}