{"id":85812,"date":"2016-08-24T01:43:39","date_gmt":"2016-08-24T04:43:39","guid":{"rendered":"http:\/\/notinor.com\/jujuy\/?p=85812"},"modified":"2016-08-24T02:05:05","modified_gmt":"2016-08-24T05:05:05","slug":"macri-impulsara-el-nuevo-cuadro-tarifario-para-los-servicios-publicos","status":"publish","type":"post","link":"https:\/\/notinor.com\/jujuy\/macri-impulsara-el-nuevo-cuadro-tarifario-para-los-servicios-publicos\/","title":{"rendered":"Macri impulsar\u00e1 el nuevo cuadro tarifario para los servicios p\u00fablicos"},"content":{"rendered":"<p><a href=\"http:\/\/notinor.com\/jujuy\/wp-content\/uploads\/2016\/08\/macri.jpg\"><img decoding=\"async\" loading=\"lazy\" class=\"alignnone size-full wp-image-84956\" src=\"http:\/\/notinor.com\/jujuy\/wp-content\/uploads\/2016\/08\/macri.jpg\" alt=\"macri\" width=\"770\" height=\"433\" srcset=\"https:\/\/notinor.com\/jujuy\/wp-content\/uploads\/2016\/08\/macri.jpg 770w, https:\/\/notinor.com\/jujuy\/wp-content\/uploads\/2016\/08\/macri-300x169.jpg 300w, https:\/\/notinor.com\/jujuy\/wp-content\/uploads\/2016\/08\/macri-199x112.jpg 199w, https:\/\/notinor.com\/jujuy\/wp-content\/uploads\/2016\/08\/macri-616x345.jpg 616w\" sizes=\"(max-width: 770px) 100vw, 770px\" \/><\/a><\/p>\n<p>Comprende la segmentaci\u00f3n por consumo y regiones y que no incluya topes en la facturaci\u00f3n, seg\u00fan lo analizaron este martes el presidente Mauricio Macri y el ministro de Energ\u00eda, Juan Jos\u00e9 Aranguren, en una extensa reuni\u00f3n en la Casa Rosada.<\/p>\n<p>Tras el fallo de la Corte Suprema que fren\u00f3 los aumentos en las boletas de gas, el Ejecutivo sali\u00f3 a buscar una alternativa que supere la situaci\u00f3n, aunque voceros oficiales se\u00f1alaron que esta propuesta estar\u00e1 abierta a discusi\u00f3n con gremios, entidades empresarias y gobernadores y que podr\u00eda ser debatida en la audiencia p\u00fablica del 16 de septiembre pr\u00f3ximo.<\/p>\n<p>El proyecto en an\u00e1lisis establece diferentes valores seg\u00fan la regi\u00f3n de que se trate, para que, por ejemplo, un usuario de la Patagonia que consume mas no tenga que hacer frente a costos desmedidos.<\/p>\n<p>Tampoco se prev\u00e9 la implementaci\u00f3n de topes en la facturaci\u00f3n, para que aquellos sectores de mayores recursos paguen m\u00e1s que los segmentos m\u00e1s desprotegidos de la poblaci\u00f3n.<\/p>\n<p>Esta iniciativa fue analizada durante dos horas en Casa Rosada, entre el mandatario y el titular de la cartera energ\u00e9tica, seg\u00fan supo NA.<\/p>\n<p>Del encuentro tambi\u00e9n participaron el ministro del Interior, Rogelio Frigerio; el secretario de Coordinaci\u00f3n de Pol\u00edticas P\u00fablicas, Gustavo Lopetegui; y el diputado del Parlasur y asesor presidencial en temas judiciales Fabi\u00e1n Rodr\u00edguez Sim\u00f3n.<\/p>\n","protected":false},"excerpt":{"rendered":"<p>Comprende la segmentaci\u00f3n por consumo y regiones y que no incluya topes en la facturaci\u00f3n, seg\u00fan lo analizaron este martes el presidente Mauricio Macri y el ministro de Energ\u00eda, Juan Jos\u00e9 Aranguren, en una extensa reuni\u00f3n en la Casa Rosada. Tras el fallo de la Corte Suprema que fren\u00f3 los aumentos en las boletas de [&hellip;]<\/p>\n","protected":false},"author":1,"featured_media":79155,"comment_status":"open","ping_status":"open","sticky":false,"template":"","format":"standard","meta":{"_stopmodifiedupdate":false,"_modified_date":"","inline_featured_image":false},"categories":[5,501],"tags":[],"jetpack_featured_media_url":"https:\/\/notinor.com\/jujuy\/wp-content\/uploads\/2016\/07\/macrisegundosemestre.jpg","_links":{"self":[{"href":"https:\/\/notinor.com\/jujuy\/wp-json\/wp\/v2\/posts\/85812"}],"collection":[{"href":"https:\/\/notinor.com\/jujuy\/wp-json\/wp\/v2\/posts"}],"about":[{"href":"https:\/\/notinor.com\/jujuy\/wp-json\/wp\/v2\/types\/post"}],"author":[{"embeddable":true,"href":"https:\/\/notinor.com\/jujuy\/wp-json\/wp\/v2\/users\/1"}],"replies":[{"embeddable":true,"href":"https:\/\/notinor.com\/jujuy\/wp-json\/wp\/v2\/comments?post=85812"}],"version-history":[{"count":3,"href":"https:\/\/notinor.com\/jujuy\/wp-json\/wp\/v2\/posts\/85812\/revisions"}],"predecessor-version":[{"id":85823,"href":"https:\/\/notinor.com\/jujuy\/wp-json\/wp\/v2\/posts\/85812\/revisions\/85823"}],"wp:featuredmedia":[{"embeddable":true,"href":"https:\/\/notinor.com\/jujuy\/wp-json\/wp\/v2\/media\/79155"}],"wp:attachment":[{"href":"https:\/\/notinor.com\/jujuy\/wp-json\/wp\/v2\/media?parent=85812"}],"wp:term":[{"taxonomy":"category","embeddable":true,"href":"https:\/\/notinor.com\/jujuy\/wp-json\/wp\/v2\/categories?post=85812"},{"taxonomy":"post_tag","embeddable":true,"href":"https:\/\/notinor.com\/jujuy\/wp-json\/wp\/v2\/tags?post=85812"}],"curies":[{"name":"wp","href":"https:\/\/api.w.org\/{rel}","templated":true}]}}