{"id":85802,"date":"2016-08-24T00:42:38","date_gmt":"2016-08-24T03:42:38","guid":{"rendered":"http:\/\/notinor.com\/jujuy\/?p=85802"},"modified":"2016-08-24T11:48:45","modified_gmt":"2016-08-24T14:48:45","slug":"la-camara-de-diputados-de-la-nacion-distinguio-a-los-tekis","status":"publish","type":"post","link":"https:\/\/notinor.com\/jujuy\/la-camara-de-diputados-de-la-nacion-distinguio-a-los-tekis\/","title":{"rendered":"La C\u00e1mara de Diputados de la Naci\u00f3n distingui\u00f3 a Los Tekis"},"content":{"rendered":"<p><a href=\"http:\/\/notinor.com\/jujuy\/wp-content\/uploads\/2016\/08\/tekis-camara-de-diputados-nacion.jpg\"><img decoding=\"async\" loading=\"lazy\" class=\"alignnone size-full wp-image-85879\" src=\"http:\/\/notinor.com\/jujuy\/wp-content\/uploads\/2016\/08\/tekis-camara-de-diputados-nacion.jpg\" alt=\"tekis camara de diputados nacion\" width=\"800\" height=\"429\" srcset=\"https:\/\/notinor.com\/jujuy\/wp-content\/uploads\/2016\/08\/tekis-camara-de-diputados-nacion.jpg 800w, https:\/\/notinor.com\/jujuy\/wp-content\/uploads\/2016\/08\/tekis-camara-de-diputados-nacion-300x161.jpg 300w\" sizes=\"(max-width: 800px) 100vw, 800px\" \/><\/a><\/p>\n<p>El presidente de la Honorable C\u00e1mara de Diputados de la Naci\u00f3n, Emilio Monz\u00f3, y los diputados nacionales H\u00e9ctor Baldassi y Pablo Torello, entregaron una \u201cDistinci\u00f3n de Honor\u201d a grandes artistas del folklore argentino.<br \/>\nEn el marco de un nuevo aniversario por el \u201cD\u00eda Internacional del Folklore\u201d, fueron reconocidos importantes artistas y conjuntos musicales del Folklore nacional como \u201cEl Chaque\u00f1o\u201d Palavecino, Los Carabajal, Jairo, Vitillo \u00c1balos, Jaime Torres, C\u00e9sar Isella, Ramona Galarza, Antonio Tarrag\u00f3 Ros, Juan Carlos Saravia, Los Tekis y Los Alonsitos.<br \/>\nSeba L\u00f3pez con el diploma de reconocimiento a Los Tekis<br \/>\nAsimismo, en el evento que tuvo lugar en el Sal\u00f3n Pasos Perdidos de la C\u00e1mara baja y que cont\u00f3 con la presencia del ministro de Cultura de la Naci\u00f3n, Pablo Avelutto, fueron distinguidos Los 4 de C\u00f3rdoba, Eugenio Inchausti, V\u00edctor Vel\u00e1zquez, Carlos Di Fulvio, Ram\u00f3n Ayala, Ballet Folkl\u00f3rico Nacional, Por Siempre Tucu, Luisa Calcumil, Las Voces de Oran, Orlando Vera Cruz, Los Trovadores de Cuyo y Marta Cuadros, Marina y Hugo Jim\u00e9nez, Sergio Galleguillo, Facundo Saravia, y el humorista Luis Landriscina, entre otros.<\/p>\n<p>&nbsp;<\/p>\n<p>&nbsp;<\/p>\n","protected":false},"excerpt":{"rendered":"<p>El presidente de la Honorable C\u00e1mara de Diputados de la Naci\u00f3n, Emilio Monz\u00f3, y los diputados nacionales H\u00e9ctor Baldassi y Pablo Torello, entregaron una \u201cDistinci\u00f3n de Honor\u201d a grandes artistas del folklore argentino. En el marco de un nuevo aniversario por el \u201cD\u00eda Internacional del Folklore\u201d, fueron reconocidos importantes artistas y conjuntos musicales del Folklore [&hellip;]<\/p>\n","protected":false},"author":1,"featured_media":85879,"comment_status":"open","ping_status":"open","sticky":false,"template":"","format":"standard","meta":{"_stopmodifiedupdate":false,"_modified_date":"","inline_featured_image":false},"categories":[2,21,13],"tags":[],"jetpack_featured_media_url":"https:\/\/notinor.com\/jujuy\/wp-content\/uploads\/2016\/08\/tekis-camara-de-diputados-nacion.jpg","_links":{"self":[{"href":"https:\/\/notinor.com\/jujuy\/wp-json\/wp\/v2\/posts\/85802"}],"collection":[{"href":"https:\/\/notinor.com\/jujuy\/wp-json\/wp\/v2\/posts"}],"about":[{"href":"https:\/\/notinor.com\/jujuy\/wp-json\/wp\/v2\/types\/post"}],"author":[{"embeddable":true,"href":"https:\/\/notinor.com\/jujuy\/wp-json\/wp\/v2\/users\/1"}],"replies":[{"embeddable":true,"href":"https:\/\/notinor.com\/jujuy\/wp-json\/wp\/v2\/comments?post=85802"}],"version-history":[{"count":3,"href":"https:\/\/notinor.com\/jujuy\/wp-json\/wp\/v2\/posts\/85802\/revisions"}],"predecessor-version":[{"id":85882,"href":"https:\/\/notinor.com\/jujuy\/wp-json\/wp\/v2\/posts\/85802\/revisions\/85882"}],"wp:featuredmedia":[{"embeddable":true,"href":"https:\/\/notinor.com\/jujuy\/wp-json\/wp\/v2\/media\/85879"}],"wp:attachment":[{"href":"https:\/\/notinor.com\/jujuy\/wp-json\/wp\/v2\/media?parent=85802"}],"wp:term":[{"taxonomy":"category","embeddable":true,"href":"https:\/\/notinor.com\/jujuy\/wp-json\/wp\/v2\/categories?post=85802"},{"taxonomy":"post_tag","embeddable":true,"href":"https:\/\/notinor.com\/jujuy\/wp-json\/wp\/v2\/tags?post=85802"}],"curies":[{"name":"wp","href":"https:\/\/api.w.org\/{rel}","templated":true}]}}