{"id":83435,"date":"2016-08-05T10:04:17","date_gmt":"2016-08-05T13:04:17","guid":{"rendered":"http:\/\/notinor.com\/jujuy\/?p=83435"},"modified":"2016-08-06T05:25:09","modified_gmt":"2016-08-06T08:25:09","slug":"no-aceptar-la-derrota-a-tiempo-es-perder-dos-veces","status":"publish","type":"post","link":"https:\/\/notinor.com\/jujuy\/no-aceptar-la-derrota-a-tiempo-es-perder-dos-veces\/","title":{"rendered":"No aceptar la derrota a tiempo es perder dos veces"},"content":{"rendered":"<p><a href=\"http:\/\/notinor.com\/jujuy\/wp-content\/uploads\/2015\/11\/bunker-pj.jpg\"><img decoding=\"async\" loading=\"lazy\" class=\"alignnone size-full wp-image-52529\" src=\"http:\/\/notinor.com\/jujuy\/wp-content\/uploads\/2015\/11\/bunker-pj.jpg\" alt=\"bunker pj\" width=\"960\" height=\"576\" srcset=\"https:\/\/notinor.com\/jujuy\/wp-content\/uploads\/2015\/11\/bunker-pj.jpg 960w, https:\/\/notinor.com\/jujuy\/wp-content\/uploads\/2015\/11\/bunker-pj-300x180.jpg 300w, https:\/\/notinor.com\/jujuy\/wp-content\/uploads\/2015\/11\/bunker-pj-416x250.jpg 416w, https:\/\/notinor.com\/jujuy\/wp-content\/uploads\/2015\/11\/bunker-pj-900x540.jpg 900w\" sizes=\"(max-width: 960px) 100vw, 960px\" \/><\/a><\/p>\n<p>A pesar del fallo del CNE, un sector del justicialismo juje\u00f1o insiste en no reconocer los resultados de las elecciones internas del pasado 20 de marzo.<\/p>\n<p>No aceptar la derrota a tiempo es perder dos veces. Y es cierto tambi\u00e9n en el \u00e1mbito pol\u00edtico. Hoy por hoy lo vive en carne propia un sector del Partido Justicialista (PJ) en la provincia.<\/p>\n<p>Aquel sector que estuvo en el poder durante m\u00e1s de 10 a\u00f1os (tanto gubernamental como partidario), y que nunca le permiti\u00f3 ni siquiera al afiliado\/a poder elegir de manera libre a sus representantes en la marco de una elecci\u00f3n interna.<\/p>\n<p>El que llor\u00f3 mil veces por Eva y Juan Per\u00f3n, en natalicios y aniversarios, pero se olvid\u00f3 caminar las calles \u00a0y de ensuciarse las botas con barro.<\/p>\n<p>Tambi\u00e9n el que opt\u00f3 por quedarse en la oficinas, salir de vacaciones, mirar la televisi\u00f3n y no asistir a los actos pol\u00edticos para cantar la <em>Marcha Peronista<\/em>, abrazar a los abuelas, besar a los chicos, extenderles las manos a los trabajadores y \u00bfPor qu\u00e9 no comerse un chori?<\/p>\n<p>Hoy, aquellos \u201cperonistas\u201d, los que ya no forman parte del gobierno (ni provincial, ni nacional) gritan a viva voz que le \u201crobaron el partido\u201d, que \u201clos dejaron afuera\u201d, que \u201cno se pude ser gobierno y oposici\u00f3n\u201d.<\/p>\n<p>Pero no hay que equivocarse. \u00a1No todos son iguales! Existe otro peronismo, uno que se fue construyendo d\u00eda a d\u00eda en el pa\u00eds y especial en nuestra provincia; el Peronismo Renovador.<\/p>\n<p>En \u00a0Jujuy este peronismo est\u00e1 representado por el vicegobernador de la provincia, Carlos Haquim, quien el pasado 20 de marzo resulto electo en elecciones internas como presidente del Partido Justicialista, Distrito Jujuy.<\/p>\n<p>A pesar de que previo a los comicios, integrantes de otros sectores \u201cjusticialistas\u201d, identificados con la gesti\u00f3n anterior, ocasionaron demandes, con quema de urnas y agresiones f\u00edsicas y verbales. Por cual todo termino en la Justicia Electoral.<\/p>\n<p>Hoy despu\u00e9s de casi 5 meses la C\u00e1mara Nacional Electoral (CNE) resolvi\u00f3 no hacer lugar a los amparos presentados por exautoridades partidarias, (solicitando la nulidad de los comicios), \u00a0y convalidar \u00a0el triunfo de la lista \u201cPeronismo Renovador\u201d.<\/p>\n","protected":false},"excerpt":{"rendered":"<p>A pesar del fallo del CNE, un sector del justicialismo juje\u00f1o insiste en no reconocer los resultados de las elecciones internas del pasado 20 de marzo. No aceptar la derrota a tiempo es perder dos veces. Y es cierto tambi\u00e9n en el \u00e1mbito pol\u00edtico. Hoy por hoy lo vive en carne propia un sector del [&hellip;]<\/p>\n","protected":false},"author":1,"featured_media":31051,"comment_status":"open","ping_status":"open","sticky":false,"template":"","format":"standard","meta":{"_stopmodifiedupdate":false,"_modified_date":"","inline_featured_image":false},"categories":[2,501],"tags":[],"jetpack_featured_media_url":"https:\/\/notinor.com\/jujuy\/wp-content\/uploads\/2015\/06\/partido-justicialista.jpg","_links":{"self":[{"href":"https:\/\/notinor.com\/jujuy\/wp-json\/wp\/v2\/posts\/83435"}],"collection":[{"href":"https:\/\/notinor.com\/jujuy\/wp-json\/wp\/v2\/posts"}],"about":[{"href":"https:\/\/notinor.com\/jujuy\/wp-json\/wp\/v2\/types\/post"}],"author":[{"embeddable":true,"href":"https:\/\/notinor.com\/jujuy\/wp-json\/wp\/v2\/users\/1"}],"replies":[{"embeddable":true,"href":"https:\/\/notinor.com\/jujuy\/wp-json\/wp\/v2\/comments?post=83435"}],"version-history":[{"count":2,"href":"https:\/\/notinor.com\/jujuy\/wp-json\/wp\/v2\/posts\/83435\/revisions"}],"predecessor-version":[{"id":83628,"href":"https:\/\/notinor.com\/jujuy\/wp-json\/wp\/v2\/posts\/83435\/revisions\/83628"}],"wp:featuredmedia":[{"embeddable":true,"href":"https:\/\/notinor.com\/jujuy\/wp-json\/wp\/v2\/media\/31051"}],"wp:attachment":[{"href":"https:\/\/notinor.com\/jujuy\/wp-json\/wp\/v2\/media?parent=83435"}],"wp:term":[{"taxonomy":"category","embeddable":true,"href":"https:\/\/notinor.com\/jujuy\/wp-json\/wp\/v2\/categories?post=83435"},{"taxonomy":"post_tag","embeddable":true,"href":"https:\/\/notinor.com\/jujuy\/wp-json\/wp\/v2\/tags?post=83435"}],"curies":[{"name":"wp","href":"https:\/\/api.w.org\/{rel}","templated":true}]}}