{"id":83426,"date":"2016-08-05T04:16:04","date_gmt":"2016-08-05T07:16:04","guid":{"rendered":"http:\/\/notinor.com\/jujuy\/?p=83426"},"modified":"2016-08-05T04:23:37","modified_gmt":"2016-08-05T07:23:37","slug":"bonafini-la-detencion-quedo-en-suspenso","status":"publish","type":"post","link":"https:\/\/notinor.com\/jujuy\/bonafini-la-detencion-quedo-en-suspenso\/","title":{"rendered":"Bonafini: La detenci\u00f3n qued\u00f3 en suspenso"},"content":{"rendered":"<p><a href=\"http:\/\/notinor.com\/jujuy\/wp-content\/uploads\/2016\/02\/bonafini-obama.jpg\"><img decoding=\"async\" loading=\"lazy\" class=\"alignnone size-full wp-image-62931\" src=\"http:\/\/notinor.com\/jujuy\/wp-content\/uploads\/2016\/02\/bonafini-obama.jpg\" alt=\"bonafini obama\" width=\"716\" height=\"357\" srcset=\"https:\/\/notinor.com\/jujuy\/wp-content\/uploads\/2016\/02\/bonafini-obama.jpg 716w, https:\/\/notinor.com\/jujuy\/wp-content\/uploads\/2016\/02\/bonafini-obama-300x150.jpg 300w\" sizes=\"(max-width: 716px) 100vw, 716px\" \/><\/a><\/p>\n<p>Pero finalmente la detenci\u00f3n y traslado a Tribunales quedaron latentes luego de que una comitiva policial fracasara en el intento de detenerla.<\/p>\n<p>El fallido intento de detenci\u00f3n se llev\u00f3 a cabo cuando la dirigente se dispon\u00eda a participar de la habitual ronda de los jueves en torno a la Pir\u00e1mide de Plaza de Mayo, lo que gener\u00f3 una numerosa concentraci\u00f3n.<\/p>\n<p>Bonafini estaba citada a prestar declaraci\u00f3n indagatoria a las 10, pero s\u00f3lo se present\u00f3 su abogado Eduardo Barcesat, con un escrito que no fue considerado por el magistrado como una explicaci\u00f3n v\u00e1lida de la ausencia, que la dirigente ya hab\u00eda anticipado, por lo que orden\u00f3 que fuera detenida y llevada a por la polic\u00eda a Comodoro Py.<\/p>\n<p>Desde que se difundi\u00f3 la declaraci\u00f3n de rebeld\u00eda, en horas del mediod\u00eda, militantes, dirigentes pol\u00edticos, sociales y gremiales, y simpatizantes -fundamentalmente de filiaci\u00f3n K- se congregaron en la sede de la Asociaci\u00f3n, ubicada en el barrio de Congreso, adonde lleg\u00f3 una delegaci\u00f3n policial con una orden de allanamiento al edificio, seg\u00fan declar\u00f3 a la prensa que estaba en el lugar el oficial a cargo, aunque luego se dijo que se trataba de una orden de detenci\u00f3n.<\/p>\n<p>Mientras un abogado de la Asociaci\u00f3n manten\u00eda una negociaci\u00f3n con el oficial a cargo de la delegaci\u00f3n policial, en la que le exig\u00eda que le mostrara la orden de allanamiento para permitirle el ingreso, Bonafini y otras madres atravesaron un cord\u00f3n humano organizado por dirigentes y simpatizantes, se subieron a la camioneta en que suelen ir a Plaza de Mayo y sortearon el cord\u00f3n de patrulleros transitando por la vereda hasta la calle Hip\u00f3lito Yrigoyen, para dirigirse al paseo p\u00fablico que les da nombre.<\/p>\n<p>Ya en la Plaza, cientos de personas comenzaron a congregarse en torno a las mujeres ataviadas con sus tradicionales pa\u00f1uelos blancos; dirigentes kirchneristas y de izquierda se presentaron en el lugar provenientes de distintos puntos: por caso, la kirchnerista Casa Patria, tambi\u00e9n ubicada en el barrio de Congreso, suspendi\u00f3 sus actividades y convoc\u00f3 a todos sus asistente a movilizarse.<\/p>\n","protected":false},"excerpt":{"rendered":"<p>Pero finalmente la detenci\u00f3n y traslado a Tribunales quedaron latentes luego de que una comitiva policial fracasara en el intento de detenerla. El fallido intento de detenci\u00f3n se llev\u00f3 a cabo cuando la dirigente se dispon\u00eda a participar de la habitual ronda de los jueves en torno a la Pir\u00e1mide de Plaza de Mayo, lo [&hellip;]<\/p>\n","protected":false},"author":1,"featured_media":62931,"comment_status":"open","ping_status":"open","sticky":false,"template":"","format":"standard","meta":{"_stopmodifiedupdate":false,"_modified_date":"","inline_featured_image":false},"categories":[5],"tags":[],"jetpack_featured_media_url":"https:\/\/notinor.com\/jujuy\/wp-content\/uploads\/2016\/02\/bonafini-obama.jpg","_links":{"self":[{"href":"https:\/\/notinor.com\/jujuy\/wp-json\/wp\/v2\/posts\/83426"}],"collection":[{"href":"https:\/\/notinor.com\/jujuy\/wp-json\/wp\/v2\/posts"}],"about":[{"href":"https:\/\/notinor.com\/jujuy\/wp-json\/wp\/v2\/types\/post"}],"author":[{"embeddable":true,"href":"https:\/\/notinor.com\/jujuy\/wp-json\/wp\/v2\/users\/1"}],"replies":[{"embeddable":true,"href":"https:\/\/notinor.com\/jujuy\/wp-json\/wp\/v2\/comments?post=83426"}],"version-history":[{"count":3,"href":"https:\/\/notinor.com\/jujuy\/wp-json\/wp\/v2\/posts\/83426\/revisions"}],"predecessor-version":[{"id":83433,"href":"https:\/\/notinor.com\/jujuy\/wp-json\/wp\/v2\/posts\/83426\/revisions\/83433"}],"wp:featuredmedia":[{"embeddable":true,"href":"https:\/\/notinor.com\/jujuy\/wp-json\/wp\/v2\/media\/62931"}],"wp:attachment":[{"href":"https:\/\/notinor.com\/jujuy\/wp-json\/wp\/v2\/media?parent=83426"}],"wp:term":[{"taxonomy":"category","embeddable":true,"href":"https:\/\/notinor.com\/jujuy\/wp-json\/wp\/v2\/categories?post=83426"},{"taxonomy":"post_tag","embeddable":true,"href":"https:\/\/notinor.com\/jujuy\/wp-json\/wp\/v2\/tags?post=83426"}],"curies":[{"name":"wp","href":"https:\/\/api.w.org\/{rel}","templated":true}]}}