{"id":83418,"date":"2016-08-05T03:43:24","date_gmt":"2016-08-05T06:43:24","guid":{"rendered":"http:\/\/notinor.com\/jujuy\/?p=83418"},"modified":"2016-08-08T00:38:55","modified_gmt":"2016-08-08T03:38:55","slug":"duro-debate-en-la-14-sesion-ordinaria-en-la-legislatura","status":"publish","type":"post","link":"https:\/\/notinor.com\/jujuy\/duro-debate-en-la-14-sesion-ordinaria-en-la-legislatura\/","title":{"rendered":"Duro debate en la 14\u00b0 Sesi\u00f3n ordinaria en la Legislatura"},"content":{"rendered":"<p><a href=\"http:\/\/notinor.com\/jujuy\/wp-content\/uploads\/2016\/08\/legislatura.jpg\"><img decoding=\"async\" loading=\"lazy\" class=\"alignnone size-full wp-image-83419\" src=\"http:\/\/notinor.com\/jujuy\/wp-content\/uploads\/2016\/08\/legislatura.jpg\" alt=\"legislatura\" width=\"977\" height=\"599\" srcset=\"https:\/\/notinor.com\/jujuy\/wp-content\/uploads\/2016\/08\/legislatura.jpg 977w, https:\/\/notinor.com\/jujuy\/wp-content\/uploads\/2016\/08\/legislatura-300x184.jpg 300w, https:\/\/notinor.com\/jujuy\/wp-content\/uploads\/2016\/08\/legislatura-408x250.jpg 408w, https:\/\/notinor.com\/jujuy\/wp-content\/uploads\/2016\/08\/legislatura-900x552.jpg 900w\" sizes=\"(max-width: 977px) 100vw, 977px\" \/><\/a><\/p>\n<p>En \u00e9sta oportunidad se aprob\u00f3 catorce proyectos de Declaraci\u00f3n y dej\u00f3 en reserva, para que tengan pronto despacho de las respectivas comisiones, dos iniciativas de pedidos de informes presentadas por el bloque del Frente Unidos y Organizados (FUYO), con el objetivo de que sean tratados en la pr\u00f3xima sesi\u00f3n.<\/p>\n<p>La jornada legislativa se puso \"acalorada\" cuando los legisladores del Frente para la Victoria hicieron referencia al sueldo de la ministra de Desarrollo Humano Ada Galfr\u00e9, que fue expuesto p\u00fablicamente en estos \u00faltimos d\u00edas. Al respecto la legisladora del Frente para la Victoria, Alejandra Cejas exigi\u00f3 al ministro Sadir que explique la cifran indicada en el mismo. Esto trajo como consecuencia la respuesta del\u00a0presidente de bloque de diputados radicales Alberto Bernis, quien manifest\u00f3 que Sadir no tendr\u00e1 inconvenientes en explicar como fue realizada la liquidaci\u00f3n del sueldo de la mandataria.<\/p>\n<div>Sobre los proyectos de pedidos de informes presentados por el FUYO con pedido de pronto despacho, hay que se\u00f1alar que est\u00e1n referidos a \"la represi\u00f3n por parte de la fuerza de seguridad de la Provincia a los trabajadores del Ingenio Ledesma\", que fue girado a la comisi\u00f3n de Asuntos Institucionales, y a \"si los funcionarios, asesores y otros del Poder Ejecutivo Provincial perciben sueldos de m\u00e1s de 100 mil pesos mensuales\", que ser\u00e1 tratado por la comisi\u00f3n de Trabajo y Seguridad Social.<\/div>\n<div><\/div>\n<div>\n<div>Cabe se\u00f1alar que, pese a los anuncios, no tomaron estado parlamentario los proyectos de nocturnidad ni de regulaci\u00f3n en la venta de bebidas alcoh\u00f3licas que iba a enviar el Poder Ejecutivo, aunque si se dio ese tr\u00e1mite al veto a la Ley 5935, referida a ambas tem\u00e1ticas, que se hab\u00edan aprobado antes del receso legislativo.<\/div>\n<div><\/div>\n<div>Entre las declaraciones aprobadas en la sesi\u00f3n de hoy, figuran las que declaran de Inter\u00e9s Legislativo la cr\u00eda de truchas en Santa Catalina, la aprobaci\u00f3n de la Declaraci\u00f3n Americana de los Derechos de los Pueblos Ind\u00edgenas de la OEA, al 1\u00b0 Encuentro entre Saberes de la Psicomotricidad del NOA que se realizar\u00e1 en Jujuy, y las solicitudes para la provisi\u00f3n de telefon\u00eda celular en Abralaite, de una ambulancia en Santa Catalina, la instalaci\u00f3n de un cajero autom\u00e1tico en Yala, y a las Fiestas Patronales en honor a \"San Cayetano\" a celebrarse este pr\u00f3ximo 7 agosto en la ciudad de Palpal\u00e1.<\/div>\n<\/div>\n","protected":false},"excerpt":{"rendered":"<p>En \u00e9sta oportunidad se aprob\u00f3 catorce proyectos de Declaraci\u00f3n y dej\u00f3 en reserva, para que tengan pronto despacho de las respectivas comisiones, dos iniciativas de pedidos de informes presentadas por el bloque del Frente Unidos y Organizados (FUYO), con el objetivo de que sean tratados en la pr\u00f3xima sesi\u00f3n. La jornada legislativa se puso \"acalorada\" [&hellip;]<\/p>\n","protected":false},"author":1,"featured_media":83419,"comment_status":"open","ping_status":"open","sticky":false,"template":"","format":"standard","meta":{"_stopmodifiedupdate":false,"_modified_date":"","inline_featured_image":false},"categories":[2,493,489],"tags":[],"jetpack_featured_media_url":"https:\/\/notinor.com\/jujuy\/wp-content\/uploads\/2016\/08\/legislatura.jpg","_links":{"self":[{"href":"https:\/\/notinor.com\/jujuy\/wp-json\/wp\/v2\/posts\/83418"}],"collection":[{"href":"https:\/\/notinor.com\/jujuy\/wp-json\/wp\/v2\/posts"}],"about":[{"href":"https:\/\/notinor.com\/jujuy\/wp-json\/wp\/v2\/types\/post"}],"author":[{"embeddable":true,"href":"https:\/\/notinor.com\/jujuy\/wp-json\/wp\/v2\/users\/1"}],"replies":[{"embeddable":true,"href":"https:\/\/notinor.com\/jujuy\/wp-json\/wp\/v2\/comments?post=83418"}],"version-history":[{"count":1,"href":"https:\/\/notinor.com\/jujuy\/wp-json\/wp\/v2\/posts\/83418\/revisions"}],"predecessor-version":[{"id":83420,"href":"https:\/\/notinor.com\/jujuy\/wp-json\/wp\/v2\/posts\/83418\/revisions\/83420"}],"wp:featuredmedia":[{"embeddable":true,"href":"https:\/\/notinor.com\/jujuy\/wp-json\/wp\/v2\/media\/83419"}],"wp:attachment":[{"href":"https:\/\/notinor.com\/jujuy\/wp-json\/wp\/v2\/media?parent=83418"}],"wp:term":[{"taxonomy":"category","embeddable":true,"href":"https:\/\/notinor.com\/jujuy\/wp-json\/wp\/v2\/categories?post=83418"},{"taxonomy":"post_tag","embeddable":true,"href":"https:\/\/notinor.com\/jujuy\/wp-json\/wp\/v2\/tags?post=83418"}],"curies":[{"name":"wp","href":"https:\/\/api.w.org\/{rel}","templated":true}]}}