{"id":83237,"date":"2016-08-04T02:17:46","date_gmt":"2016-08-04T05:17:46","guid":{"rendered":"http:\/\/notinor.com\/jujuy\/?p=83237"},"modified":"2016-08-04T02:17:46","modified_gmt":"2016-08-04T05:17:46","slug":"concejales-piden-racionalidad-a-los-gremios","status":"publish","type":"post","link":"https:\/\/notinor.com\/jujuy\/concejales-piden-racionalidad-a-los-gremios\/","title":{"rendered":"Concejales piden racionalidad a los gremios"},"content":{"rendered":"<div><a href=\"http:\/\/notinor.com\/jujuy\/wp-content\/uploads\/2016\/08\/paro-ate.jpg\"><img decoding=\"async\" loading=\"lazy\" class=\"size-full wp-image-83082 aligncenter\" src=\"http:\/\/notinor.com\/jujuy\/wp-content\/uploads\/2016\/08\/paro-ate.jpg\" alt=\"paro ate\" width=\"1000\" height=\"419\" srcset=\"https:\/\/notinor.com\/jujuy\/wp-content\/uploads\/2016\/08\/paro-ate.jpg 1000w, https:\/\/notinor.com\/jujuy\/wp-content\/uploads\/2016\/08\/paro-ate-300x126.jpg 300w, https:\/\/notinor.com\/jujuy\/wp-content\/uploads\/2016\/08\/paro-ate-900x377.jpg 900w\" sizes=\"(max-width: 1000px) 100vw, 1000px\" \/><\/a><\/div>\n<div>El Bloque de Concejales de la Uni\u00f3n C\u00edvica Radical en el Concejo Deliberante de San Salvador de Jujuy hicieron un llamado a la reflexi\u00f3n a las entidades gremiales que convocaron a una medida de fuerza de 48 horas en nuestra provincia, entendiendo que esa decisi\u00f3n no hace otra cosa que entorpecer un proceso que se viene desarrollando en la provincia a partir del pasado 10 de diciembre, cuando \u00a0Gerardo Morales asumi\u00f3 la gobernaci\u00f3n con el importante desaf\u00edo de erradicar la violencia institucionalizada tr\u00e1s 32 a\u00f1os de un modelo que se instaur\u00f3 en donde prim\u00f3 la intolerancia y el negociado a puertas cerradas en detrimento de los trabajadores.<\/div>\n<div><\/div>\n<div>De esa manera, el Bloque integrado por Jos\u00e9 Lu\u00eds S\u00e1nchez, Lisandro Aguiar, Santiago Jubert, Marta Russo Arriola, Miriam Burgos, Patricia Moya y Estela Flores, expusieron su preocupaci\u00f3n por una medida que se toma luego de que la provincia resolviera aplicar un incremento del 11% a los haberes de los estatales c\u00f3mo medida para resolver la escalada inflacionaria que sufre nuestro pa\u00eds, luego de 12 a\u00f1os de un gobierno cuyos actos de corrupci\u00f3n son evidenciados permanentemente en las acciones judiciales. \"Entendemos que resulta insuficiente un incremento del 11%, pero tambi\u00e9n vemos los avances que se vienen realizando a partir de la gesti\u00f3n del Gobernador a 7 meses de haber iniciado un proceso que involucr\u00f3 la toma de decisiones para mejorar las condiciones de muchas personas que viv\u00edan rehenes de un sistema perverso basado en el clientelismo y la presi\u00f3n. Nos preocupa que algunos pretendan retornar a esos d\u00edas en vez de insistir con el di\u00e1logo. Son muchas las cosas que debemos discutir quienes tenemos responsabilidad de gobierno con los representantes de los trabajadores porque en 32 a\u00f1os se hizo mucho da\u00f1o a la estructura provincial, da\u00f1ando no s\u00f3lo a los trabajadores sino a los beneficiarios de los sistemas de salud y de educaci\u00f3n principalmente\".<\/div>\n<div><\/div>\n<div>\"Vivimos en un estado de derecho que debemos defender y respetar y sin menospreciar los reclamos de los trabajadores, entendemos tambi\u00e9n que tenemos que utilizar los mecanismos que nos permitan lograr los mejores resultados sin que se perjudique al resto de los actores de nuestra sociedad, c\u00f3mo los cortes de ruta o las manifestaciones violentas. Entendemos que existe por parte del Gobierno una permanente voluntad de di\u00e1logo, y es el camino que debemos transitar porque la falta de di\u00e1logo provoca violencia y la sociedad mayoritariamente se pronunci\u00f3 en contra de los sistemas violentos, expulsando con el voto a quienes desde la violencia gobernaban para beneficiar a unos pocos.\"<\/div>\n<div><\/div>\n<div>Por \u00faltimo, los Concejales destacaron la labor del Gobernador, y destacaron que \"conocemos el importante trabajo del Gobernador que est\u00e1 colocando a la provincia en los lugares m\u00e1s altos de los escenarios Nacionales e Internacionales para buscar mejores posibilidades de inversi\u00f3n que nos permitan un crecimiento real, y ese trabajo se evidencia en la permanente presencia de nuestro Presidente - 4 veces en menos de un a\u00f1o de gesti\u00f3n- y de sus ministros, quienes llegan a nuestra provincia para apoyar y respaldar al Gobierno de Jujuy\".<\/div>\n","protected":false},"excerpt":{"rendered":"<p>El Bloque de Concejales de la Uni\u00f3n C\u00edvica Radical en el Concejo Deliberante de San Salvador de Jujuy hicieron un llamado a la reflexi\u00f3n a las entidades gremiales que convocaron a una medida de fuerza de 48 horas en nuestra provincia, entendiendo que esa decisi\u00f3n no hace otra cosa que entorpecer un proceso que se [&hellip;]<\/p>\n","protected":false},"author":1,"featured_media":82845,"comment_status":"open","ping_status":"open","sticky":false,"template":"","format":"standard","meta":{"_stopmodifiedupdate":false,"_modified_date":"","inline_featured_image":false},"categories":[2,493],"tags":[],"jetpack_featured_media_url":"https:\/\/notinor.com\/jujuy\/wp-content\/uploads\/2016\/08\/ate-multisectorial-fge.jpg","_links":{"self":[{"href":"https:\/\/notinor.com\/jujuy\/wp-json\/wp\/v2\/posts\/83237"}],"collection":[{"href":"https:\/\/notinor.com\/jujuy\/wp-json\/wp\/v2\/posts"}],"about":[{"href":"https:\/\/notinor.com\/jujuy\/wp-json\/wp\/v2\/types\/post"}],"author":[{"embeddable":true,"href":"https:\/\/notinor.com\/jujuy\/wp-json\/wp\/v2\/users\/1"}],"replies":[{"embeddable":true,"href":"https:\/\/notinor.com\/jujuy\/wp-json\/wp\/v2\/comments?post=83237"}],"version-history":[{"count":2,"href":"https:\/\/notinor.com\/jujuy\/wp-json\/wp\/v2\/posts\/83237\/revisions"}],"predecessor-version":[{"id":83241,"href":"https:\/\/notinor.com\/jujuy\/wp-json\/wp\/v2\/posts\/83237\/revisions\/83241"}],"wp:featuredmedia":[{"embeddable":true,"href":"https:\/\/notinor.com\/jujuy\/wp-json\/wp\/v2\/media\/82845"}],"wp:attachment":[{"href":"https:\/\/notinor.com\/jujuy\/wp-json\/wp\/v2\/media?parent=83237"}],"wp:term":[{"taxonomy":"category","embeddable":true,"href":"https:\/\/notinor.com\/jujuy\/wp-json\/wp\/v2\/categories?post=83237"},{"taxonomy":"post_tag","embeddable":true,"href":"https:\/\/notinor.com\/jujuy\/wp-json\/wp\/v2\/tags?post=83237"}],"curies":[{"name":"wp","href":"https:\/\/api.w.org\/{rel}","templated":true}]}}