{"id":83080,"date":"2016-08-03T02:28:44","date_gmt":"2016-08-03T05:28:44","guid":{"rendered":"http:\/\/notinor.com\/jujuy\/?p=83080"},"modified":"2016-08-03T02:37:21","modified_gmt":"2016-08-03T05:37:21","slug":"la-camara-nacional-electoral-ratifica-a-carlos-haquim-como-presidente-del-pj","status":"publish","type":"post","link":"https:\/\/notinor.com\/jujuy\/la-camara-nacional-electoral-ratifica-a-carlos-haquim-como-presidente-del-pj\/","title":{"rendered":"La C\u00e1mara Nacional Electoral ratifica a Carlos Haquim como presidente del PJ"},"content":{"rendered":"<p><a href=\"http:\/\/notinor.com\/jujuy\/wp-content\/uploads\/2016\/01\/conferencia-haquim3.jpg\"><img decoding=\"async\" loading=\"lazy\" class=\"size-full wp-image-57932 aligncenter\" src=\"http:\/\/notinor.com\/jujuy\/wp-content\/uploads\/2016\/01\/conferencia-haquim3.jpg\" alt=\"conferencia haquim3\" width=\"1024\" height=\"684\" srcset=\"https:\/\/notinor.com\/jujuy\/wp-content\/uploads\/2016\/01\/conferencia-haquim3.jpg 1024w, https:\/\/notinor.com\/jujuy\/wp-content\/uploads\/2016\/01\/conferencia-haquim3-300x200.jpg 300w, https:\/\/notinor.com\/jujuy\/wp-content\/uploads\/2016\/01\/conferencia-haquim3-900x601.jpg 900w\" sizes=\"(max-width: 1024px) 100vw, 1024px\" \/><\/a><\/p>\n<p>&nbsp;<\/p>\n<p>Las mismas fueron celebradas el pasado mes de marzo y ratifica al vice Gobernador Carlos Haquim como Presidente de dicho partido.<\/p>\n<p>Cabe destacar que la c\u00fapula del Partido Justicialista a nivel nacional habr\u00eda expresado que respetar\u00eda la decisi\u00f3n tomada por la justicia oportunamente con respecto a \u00e9ste tema.<\/p>\n<p>\u00c9ste fallo de la justicia ratifica a Carlos Haquim como principal referente del partido justicialista en la provincia y deja de lado la actual conducci\u00f3n encabezada por el ex gobernador Eduardo Fellner, quien no solo perdi\u00f3 la conducci\u00f3n de la provincia sino tambi\u00e9n del organismo partidario a nivel local y nacional.<\/p>\n<p>&nbsp;<\/p>\n<p><a href=\"http:\/\/notinor.com\/jujuy\/wp-content\/uploads\/2016\/08\/camara-nacional-de-apelaciones-2.jpg\"><img decoding=\"async\" loading=\"lazy\" class=\"alignnone size-full wp-image-83085\" src=\"http:\/\/notinor.com\/jujuy\/wp-content\/uploads\/2016\/08\/camara-nacional-de-apelaciones.jpg\" alt=\"camara nacional de apelaciones\" width=\"796\" height=\"1216\" srcset=\"https:\/\/notinor.com\/jujuy\/wp-content\/uploads\/2016\/08\/camara-nacional-de-apelaciones.jpg 796w, https:\/\/notinor.com\/jujuy\/wp-content\/uploads\/2016\/08\/camara-nacional-de-apelaciones-196x300.jpg 196w, https:\/\/notinor.com\/jujuy\/wp-content\/uploads\/2016\/08\/camara-nacional-de-apelaciones-670x1024.jpg 670w\" sizes=\"(max-width: 796px) 100vw, 796px\" \/><\/a><\/p>\n<p>&nbsp;<\/p>\n<p><a href=\"http:\/\/notinor.com\/jujuy\/wp-content\/uploads\/2016\/08\/camara-nacional-de-apelaciones-2.jpg\"><img decoding=\"async\" loading=\"lazy\" class=\"alignnone size-full wp-image-83084\" src=\"http:\/\/notinor.com\/jujuy\/wp-content\/uploads\/2016\/08\/camara-nacional-de-apelaciones-2.jpg\" alt=\"camara nacional de apelaciones 2\" width=\"492\" height=\"742\" srcset=\"https:\/\/notinor.com\/jujuy\/wp-content\/uploads\/2016\/08\/camara-nacional-de-apelaciones-2.jpg 492w, https:\/\/notinor.com\/jujuy\/wp-content\/uploads\/2016\/08\/camara-nacional-de-apelaciones-2-199x300.jpg 199w\" sizes=\"(max-width: 492px) 100vw, 492px\" \/><\/a><\/p>\n","protected":false},"excerpt":{"rendered":"<p>&nbsp; Las mismas fueron celebradas el pasado mes de marzo y ratifica al vice Gobernador Carlos Haquim como Presidente de dicho partido. Cabe destacar que la c\u00fapula del Partido Justicialista a nivel nacional habr\u00eda expresado que respetar\u00eda la decisi\u00f3n tomada por la justicia oportunamente con respecto a \u00e9ste tema. \u00c9ste fallo de la justicia ratifica [&hellip;]<\/p>\n","protected":false},"author":1,"featured_media":57932,"comment_status":"open","ping_status":"open","sticky":false,"template":"","format":"standard","meta":{"_stopmodifiedupdate":false,"_modified_date":"","inline_featured_image":false},"categories":[2,493],"tags":[],"jetpack_featured_media_url":"https:\/\/notinor.com\/jujuy\/wp-content\/uploads\/2016\/01\/conferencia-haquim3.jpg","_links":{"self":[{"href":"https:\/\/notinor.com\/jujuy\/wp-json\/wp\/v2\/posts\/83080"}],"collection":[{"href":"https:\/\/notinor.com\/jujuy\/wp-json\/wp\/v2\/posts"}],"about":[{"href":"https:\/\/notinor.com\/jujuy\/wp-json\/wp\/v2\/types\/post"}],"author":[{"embeddable":true,"href":"https:\/\/notinor.com\/jujuy\/wp-json\/wp\/v2\/users\/1"}],"replies":[{"embeddable":true,"href":"https:\/\/notinor.com\/jujuy\/wp-json\/wp\/v2\/comments?post=83080"}],"version-history":[{"count":3,"href":"https:\/\/notinor.com\/jujuy\/wp-json\/wp\/v2\/posts\/83080\/revisions"}],"predecessor-version":[{"id":83095,"href":"https:\/\/notinor.com\/jujuy\/wp-json\/wp\/v2\/posts\/83080\/revisions\/83095"}],"wp:featuredmedia":[{"embeddable":true,"href":"https:\/\/notinor.com\/jujuy\/wp-json\/wp\/v2\/media\/57932"}],"wp:attachment":[{"href":"https:\/\/notinor.com\/jujuy\/wp-json\/wp\/v2\/media?parent=83080"}],"wp:term":[{"taxonomy":"category","embeddable":true,"href":"https:\/\/notinor.com\/jujuy\/wp-json\/wp\/v2\/categories?post=83080"},{"taxonomy":"post_tag","embeddable":true,"href":"https:\/\/notinor.com\/jujuy\/wp-json\/wp\/v2\/tags?post=83080"}],"curies":[{"name":"wp","href":"https:\/\/api.w.org\/{rel}","templated":true}]}}