{"id":82548,"date":"2016-07-30T00:28:15","date_gmt":"2016-07-30T03:28:15","guid":{"rendered":"http:\/\/notinor.com\/jujuy\/?p=82548"},"modified":"2016-07-30T00:42:04","modified_gmt":"2016-07-30T03:42:04","slug":"1er-encuentro-de-odontologia-materno-infantil","status":"publish","type":"post","link":"https:\/\/notinor.com\/jujuy\/1er-encuentro-de-odontologia-materno-infantil\/","title":{"rendered":"1er. Encuentro de \u201cOdontolog\u00eda Materno Infantil\u201d."},"content":{"rendered":"<p>Junto al tema abordado se trataron \u00edtems relacionados con fisioterapia, psicolog\u00eda, fonodiolog\u00eda y homeopat\u00eda.<\/p>\n<p>Al dar la bienvenida a los asistentes que se hicieron presentes en el Centro Cultural \u201cH\u00e9ctor Tiz\u00f3n\u201d, la Subsecretaria de Desarrollo Humano, Daniela Amerise coment\u00f3 que \u201cinicio una serie de capacitaciones organizadas desde el municipio en conjunto con la Fundaci\u00f3n PRODONOA y el Ministerio de Salud de la Provincia desde el \u00e1rea de Odontolog\u00eda, invitando a todos los colegas de la Provincia a capacitarse en el \u00e1rea de Salud Bucal Materno Infantil\u201d.<\/p>\n<p>En este sentido remarc\u00f3 que \u201cse est\u00e1 valorizando el lugar que la odontolog\u00eda ha ganado en el municipio capitalino\u00a0 gracias a la decisi\u00f3n pol\u00edtica del Intendente \u201cChuli\u201d Jorge de poder instalar la agenda de pol\u00edticas p\u00fablicas municipales y la importancia de poder trabajar en los barrios sobre salud bucal.Luego Flavia Barrera, coordinadora del Departamento de Odontolog\u00eda, apunto a la prevenci\u00f3n \u201cdesde el m\u00e1s peque\u00f1o y evitar desastres cuando se habla de caries desde muy temprana edad, entonces se abarc\u00f3 desde\u00a0 la madre y los ni\u00f1os para que dentro de poco las caries sean mucho menor en nuestras bocas\u201d.<\/p>\n<p>En otro p\u00e1rrafo, Guadalupe Estrada, Directora de Salud del municipio hizo hincapi\u00e9 en el intenso trabajo de capacitaci\u00f3n al personal municipal, \u201cpensando ahora en nuestros colegas para actualizar y todos juntos empoderar la odontolog\u00eda\u201d.<\/p>\n<p>Desde la Fundaci\u00f3n PRODONOA, Marisel Dip, disertante de la capacitaci\u00f3n, se refiri\u00f3 a los temas que se plantean y remarc\u00f3 que \u201clas jornadas son multidisciplinarias, abarcando todo lo que es odontolog\u00eda materno infantil pero relacionado con la fisioterapia, la psicolog\u00eda, fonodiolog\u00eda y homeopat\u00eda, puesto que en la actualidad tenemos\u00a0 muchos homeop\u00e1ticos que est\u00e1n al alcance de todos,\u00a0 entonces vamos a transmitir todos estos conocimientos a los colegas\u201d.<\/p>\n<p>Trabajando en forma coordinada desde el\u00a0 Ministerio de Salud, Mariana Moreno Franca sostuvo que \u201ctrabajando de manera articulada con el municipio\u00a0 y es un orgullo tener la sala llena del Centro Cultural Tiz\u00f3n, dado el inter\u00e9s y la inquietud de los colegas y poder brindar a la comunidad todo lo referente a prevenci\u00f3n y por eso hemos priorizado a este grupo vulnerable como es la mujer embarazada y su beb\u00e9\u201d.<\/p>\n","protected":false},"excerpt":{"rendered":"<p>Junto al tema abordado se trataron \u00edtems relacionados con fisioterapia, psicolog\u00eda, fonodiolog\u00eda y homeopat\u00eda. Al dar la bienvenida a los asistentes que se hicieron presentes en el Centro Cultural \u201cH\u00e9ctor Tiz\u00f3n\u201d, la Subsecretaria de Desarrollo Humano, Daniela Amerise coment\u00f3 que \u201cinicio una serie de capacitaciones organizadas desde el municipio en conjunto con la Fundaci\u00f3n PRODONOA [&hellip;]<\/p>\n","protected":false},"author":5,"featured_media":82549,"comment_status":"open","ping_status":"open","sticky":false,"template":"","format":"standard","meta":{"_stopmodifiedupdate":false,"_modified_date":"","inline_featured_image":false},"categories":[490,13],"tags":[],"jetpack_featured_media_url":"https:\/\/notinor.com\/jujuy\/wp-content\/uploads\/2016\/07\/Taller-de-salud-bucal-2.jpg","_links":{"self":[{"href":"https:\/\/notinor.com\/jujuy\/wp-json\/wp\/v2\/posts\/82548"}],"collection":[{"href":"https:\/\/notinor.com\/jujuy\/wp-json\/wp\/v2\/posts"}],"about":[{"href":"https:\/\/notinor.com\/jujuy\/wp-json\/wp\/v2\/types\/post"}],"author":[{"embeddable":true,"href":"https:\/\/notinor.com\/jujuy\/wp-json\/wp\/v2\/users\/5"}],"replies":[{"embeddable":true,"href":"https:\/\/notinor.com\/jujuy\/wp-json\/wp\/v2\/comments?post=82548"}],"version-history":[{"count":2,"href":"https:\/\/notinor.com\/jujuy\/wp-json\/wp\/v2\/posts\/82548\/revisions"}],"predecessor-version":[{"id":82561,"href":"https:\/\/notinor.com\/jujuy\/wp-json\/wp\/v2\/posts\/82548\/revisions\/82561"}],"wp:featuredmedia":[{"embeddable":true,"href":"https:\/\/notinor.com\/jujuy\/wp-json\/wp\/v2\/media\/82549"}],"wp:attachment":[{"href":"https:\/\/notinor.com\/jujuy\/wp-json\/wp\/v2\/media?parent=82548"}],"wp:term":[{"taxonomy":"category","embeddable":true,"href":"https:\/\/notinor.com\/jujuy\/wp-json\/wp\/v2\/categories?post=82548"},{"taxonomy":"post_tag","embeddable":true,"href":"https:\/\/notinor.com\/jujuy\/wp-json\/wp\/v2\/tags?post=82548"}],"curies":[{"name":"wp","href":"https:\/\/api.w.org\/{rel}","templated":true}]}}