{"id":81413,"date":"2016-07-21T08:13:03","date_gmt":"2016-07-21T11:13:03","guid":{"rendered":"http:\/\/notinor.com\/jujuy\/?p=81413"},"modified":"2016-07-21T09:16:18","modified_gmt":"2016-07-21T12:16:18","slug":"cgt-critico-el-aumento-indiscriminado-de-precios-y-adelanto-que-tomaran-medidas","status":"publish","type":"post","link":"https:\/\/notinor.com\/jujuy\/cgt-critico-el-aumento-indiscriminado-de-precios-y-adelanto-que-tomaran-medidas\/","title":{"rendered":"CGT critic\u00f3 \"el aumento indiscriminado de precios\" y adelant\u00f3 que tomar\u00e1n medidas"},"content":{"rendered":"<p><a href=\"http:\/\/notinor.com\/jujuy\/wp-content\/uploads\/2016\/07\/cgt.jpg\"><img decoding=\"async\" loading=\"lazy\" class=\"alignnone size-full wp-image-81414\" src=\"http:\/\/notinor.com\/jujuy\/wp-content\/uploads\/2016\/07\/cgt.jpg\" alt=\"cgt\" width=\"976\" height=\"549\" srcset=\"https:\/\/notinor.com\/jujuy\/wp-content\/uploads\/2016\/07\/cgt.jpg 976w, https:\/\/notinor.com\/jujuy\/wp-content\/uploads\/2016\/07\/cgt-300x169.jpg 300w, https:\/\/notinor.com\/jujuy\/wp-content\/uploads\/2016\/07\/cgt-199x112.jpg 199w, https:\/\/notinor.com\/jujuy\/wp-content\/uploads\/2016\/07\/cgt-900x506.jpg 900w\" sizes=\"(max-width: 976px) 100vw, 976px\" \/><\/a><br \/>\nEl documento llevar\u00e1 la firma de Hugo Moyano, Antonio Cal\u00f3 y Luis Barrionuevo y ser\u00eda dado a conocer este jueves en la reuni\u00f3n de \"mesa chica\" de las tres CGT que se realizar\u00e1 al mediod\u00eda en la sede de la calle Azopardo, aunque ya trascendieron algunos p\u00e1rrafos del escrito.<\/p>\n<p>\"El Secretariado tratar\u00e1 la gravedad de la actual situaci\u00f3n social, que ha perjudicado mayoritariamente a los trabajadores activos, pasivos e informales, con el aumento indiscriminado de las tarifas, perjudicando principalmente al empleo, provocando desocupaci\u00f3n, deterioro en el habitual cobro de salarios, atraso en los pagos correspondientes a nuestras obras sociales y el aumento sistem\u00e1tico de la conflictividad judicial laboral\", plantea el documento cegetista.<\/p>\n<p>Adem\u00e1s indica que \"el incumplimiento de las promesas de campa\u00f1a, como era la derogaci\u00f3n del impuesto al trabajo, mal llamado de Ganancias, afecta cada vez m\u00e1s a los trabajadores y a sus familias\".<\/p>\n<p>En uno de sus principales p\u00e1rrafos el escrito advierte que en el plenario que se har\u00e1 el 5 de agosto, 17 d\u00edas antes de concretar la unidad, la CGT podr\u00eda anunciar la convocatoria a una huelga nacional, tal como ya hab\u00eda anticipado el presidente de la Confederaci\u00f3n de Trabajadores del Transporte (CATT) y candidato a integrar el triunvirato de la pr\u00f3xima conducci\u00f3n cegetista, Juan Carlos Schmid.<\/p>\n<p>\"La importante perdida del valor adquisitivo que sufren los salarios, luego de la brutal devaluaci\u00f3n, acompa\u00f1ado por la crisis social a partir del aumento indiscriminado de precios de la canasta familiar, hace que este plenario tenga la obligaci\u00f3n de tratar estos temas y adopte resoluciones para evitar que la crisis siga derrumbando puestos de trabajo, salarios y derechos adquiridos\", plantea en ese sentido el documento.<\/p>\n","protected":false},"excerpt":{"rendered":"<p>El documento llevar\u00e1 la firma de Hugo Moyano, Antonio Cal\u00f3 y Luis Barrionuevo y ser\u00eda dado a conocer este jueves en la reuni\u00f3n de \"mesa chica\" de las tres CGT que se realizar\u00e1 al mediod\u00eda en la sede de la calle Azopardo, aunque ya trascendieron algunos p\u00e1rrafos del escrito. \"El Secretariado tratar\u00e1 la gravedad de [&hellip;]<\/p>\n","protected":false},"author":1,"featured_media":81414,"comment_status":"open","ping_status":"open","sticky":false,"template":"","format":"standard","meta":{"_stopmodifiedupdate":false,"_modified_date":"","inline_featured_image":false,"spay_email":"","jetpack_publicize_message":""},"categories":[5],"tags":[],"jetpack_featured_media_url":"https:\/\/notinor.com\/jujuy\/wp-content\/uploads\/2016\/07\/cgt.jpg","jetpack_publicize_connections":[],"_links":{"self":[{"href":"https:\/\/notinor.com\/jujuy\/wp-json\/wp\/v2\/posts\/81413"}],"collection":[{"href":"https:\/\/notinor.com\/jujuy\/wp-json\/wp\/v2\/posts"}],"about":[{"href":"https:\/\/notinor.com\/jujuy\/wp-json\/wp\/v2\/types\/post"}],"author":[{"embeddable":true,"href":"https:\/\/notinor.com\/jujuy\/wp-json\/wp\/v2\/users\/1"}],"replies":[{"embeddable":true,"href":"https:\/\/notinor.com\/jujuy\/wp-json\/wp\/v2\/comments?post=81413"}],"version-history":[{"count":1,"href":"https:\/\/notinor.com\/jujuy\/wp-json\/wp\/v2\/posts\/81413\/revisions"}],"predecessor-version":[{"id":81415,"href":"https:\/\/notinor.com\/jujuy\/wp-json\/wp\/v2\/posts\/81413\/revisions\/81415"}],"wp:featuredmedia":[{"embeddable":true,"href":"https:\/\/notinor.com\/jujuy\/wp-json\/wp\/v2\/media\/81414"}],"wp:attachment":[{"href":"https:\/\/notinor.com\/jujuy\/wp-json\/wp\/v2\/media?parent=81413"}],"wp:term":[{"taxonomy":"category","embeddable":true,"href":"https:\/\/notinor.com\/jujuy\/wp-json\/wp\/v2\/categories?post=81413"},{"taxonomy":"post_tag","embeddable":true,"href":"https:\/\/notinor.com\/jujuy\/wp-json\/wp\/v2\/tags?post=81413"}],"curies":[{"name":"wp","href":"https:\/\/api.w.org\/{rel}","templated":true}]}}