{"id":81392,"date":"2016-07-21T07:13:04","date_gmt":"2016-07-21T10:13:04","guid":{"rendered":"http:\/\/notinor.com\/jujuy\/?p=81392"},"modified":"2016-07-21T07:13:04","modified_gmt":"2016-07-21T10:13:04","slug":"subira-el-precio-del-aceite","status":"publish","type":"post","link":"https:\/\/notinor.com\/jujuy\/subira-el-precio-del-aceite\/","title":{"rendered":"\u00bfSubir\u00e1 el precio del aceite?"},"content":{"rendered":"<p>\"Es falso que se triplique el precio del aceite. El Fideicomiso que subsidia el precio del consumo interno de aceite est\u00e1 vigente\", se\u00f1al\u00f3 la cartera que conduce Francisco Cabrera.<\/p>\n<p>Producci\u00f3n sali\u00f3 al cruce de los dichos del secretario general de la Federaci\u00f3n de Trabajadores del Complejo Industrial Oleaginoso, Daniel Yofra, quien advirti\u00f3 que \"la botella de aceite va a subir tres veces\" debido a que el 31 de agosto pr\u00f3ximo finaliza el fideicomiso conformado en 2008 para financiar la existencia de un precio m\u00e1s barato del producto.<\/p>\n<p>Ignacio Werner, uno de los integrantes del Gabinete de Asesores del ministro Francisco Cabrera, explic\u00f3 que \u201cel fideicomiso que mantiene el precio del aceite est\u00e1 vigente y este jueves se concretar\u00e1 una reuni\u00f3n con la C\u00e1mara de la Industria Aceitera de la Rep\u00fablica Argentina (Ciara) para trabajar juntos\".<\/p>\n<p>\"Tenemos el objetivo de cuidar el poder adquisitivo de los consumidores y al mismo tiempo normalizar el mercado del aceite que tiene un rol fundamental en la sociedad\", asegur\u00f3 Werner.<\/p>\n<p>Para el funcionario, la preocupaci\u00f3n del Gobierno es \"asegurar miles de fuentes de trabajo a lo largo de una cadena de valor que va del campo a la mesa de los consumidores\u201d.<\/p>\n<p>Tras las expresiones de Yofra, la C\u00e1mara sectorial asegur\u00f3 que los aceites comestibles m\u00e1s baratos, de consumo masivo, que antes formaba parte del programa Precios Cuidados, aumentar\u00e1n su precio en un 30 por ciento en promedio a partir del 1\u00b0 de agosto.<\/p>\n<p>\"Desmiento oficial y categ\u00f3ricamente que pueda haber un aumento mayor a \u00e9se\"; precis\u00f3 a T\u00e9lam, el vocero de Ciara, Andr\u00e9s Alcaraz.<\/p>\n<p>El fideicomiso cuya vigencia finaliza el 31 de agosto pr\u00f3ximo, compensa en forma privada el precio de un grupo de aceites de girasol, soja y sus derivados, con el 1% de derechos de exportaci\u00f3n de las harinas de soja y girasol.<\/p>\n<p>De acuerdo a lo informado por Ciara en forma oficial, este grupo de aceites aumentar\u00eda su precio en promedio un 30%.<\/p>\n","protected":false},"excerpt":{"rendered":"<p>\"Es falso que se triplique el precio del aceite. El Fideicomiso que subsidia el precio del consumo interno de aceite est\u00e1 vigente\", se\u00f1al\u00f3 la cartera que conduce Francisco Cabrera. Producci\u00f3n sali\u00f3 al cruce de los dichos del secretario general de la Federaci\u00f3n de Trabajadores del Complejo Industrial Oleaginoso, Daniel Yofra, quien advirti\u00f3 que \"la botella [&hellip;]<\/p>\n","protected":false},"author":1,"featured_media":81393,"comment_status":"open","ping_status":"open","sticky":false,"template":"","format":"standard","meta":{"_stopmodifiedupdate":false,"_modified_date":"","inline_featured_image":false,"spay_email":"","jetpack_publicize_message":""},"categories":[5],"tags":[],"jetpack_featured_media_url":"https:\/\/notinor.com\/jujuy\/wp-content\/uploads\/2016\/07\/botellas-pet-aceite.jpg","jetpack_publicize_connections":[],"_links":{"self":[{"href":"https:\/\/notinor.com\/jujuy\/wp-json\/wp\/v2\/posts\/81392"}],"collection":[{"href":"https:\/\/notinor.com\/jujuy\/wp-json\/wp\/v2\/posts"}],"about":[{"href":"https:\/\/notinor.com\/jujuy\/wp-json\/wp\/v2\/types\/post"}],"author":[{"embeddable":true,"href":"https:\/\/notinor.com\/jujuy\/wp-json\/wp\/v2\/users\/1"}],"replies":[{"embeddable":true,"href":"https:\/\/notinor.com\/jujuy\/wp-json\/wp\/v2\/comments?post=81392"}],"version-history":[{"count":1,"href":"https:\/\/notinor.com\/jujuy\/wp-json\/wp\/v2\/posts\/81392\/revisions"}],"predecessor-version":[{"id":81394,"href":"https:\/\/notinor.com\/jujuy\/wp-json\/wp\/v2\/posts\/81392\/revisions\/81394"}],"wp:featuredmedia":[{"embeddable":true,"href":"https:\/\/notinor.com\/jujuy\/wp-json\/wp\/v2\/media\/81393"}],"wp:attachment":[{"href":"https:\/\/notinor.com\/jujuy\/wp-json\/wp\/v2\/media?parent=81392"}],"wp:term":[{"taxonomy":"category","embeddable":true,"href":"https:\/\/notinor.com\/jujuy\/wp-json\/wp\/v2\/categories?post=81392"},{"taxonomy":"post_tag","embeddable":true,"href":"https:\/\/notinor.com\/jujuy\/wp-json\/wp\/v2\/tags?post=81392"}],"curies":[{"name":"wp","href":"https:\/\/api.w.org\/{rel}","templated":true}]}}