{"id":7990,"date":"2014-12-09T02:06:32","date_gmt":"2014-12-09T02:06:32","guid":{"rendered":"http:\/\/notinor.com\/jujuy\/?p=7990"},"modified":"2014-12-09T02:06:47","modified_gmt":"2014-12-09T02:06:47","slug":"se-llevaron-a-cabo-las-fiestas-patronales-de-yala","status":"publish","type":"post","link":"https:\/\/notinor.com\/jujuy\/se-llevaron-a-cabo-las-fiestas-patronales-de-yala\/","title":{"rendered":"Se llevaron a cabo las Fiestas patronales de Yala"},"content":{"rendered":"<p style=\"text-align: justify;\"><span lang=\"ES\">Se llevaron a cabo las Fiestas patronales de Yala en honras al dia de la Inmaculada Concepci\u00f3n de Mar\u00eda Patrona del Pueblo y Virgen del Valle.<\/span><\/p>\n<p style=\"text-align: justify;\"><span lang=\"ES\">A horas doce dio inicio a la misa ofrecida por el Presb\u00edtero Alejandro Choque de la parroquia de Yala, y al finalizar ese oficio dio lugar al desfile c\u00edvico y gaucho. Del mismo participaron las escuelas tanto primarias como secundarias del pueblo, numerosas instituciones gauchas, inclusive algunas llegadas desde Guerrero y de los Perales.<\/span><\/p>\n<p style=\"text-align: justify;\"><span lang=\"ES\">Los actos de la ma\u00f1ana culminaron con un almuerzo comunitario servido a todas las delegaciones y pueblo en general el que fue ofrecido por la iglesia y el Municipio de Yala. En horas de la tarde el Centro Gaucho de Yala previo un fog\u00f3n criollo y la elecci\u00f3n de la paisana del Valle en su 8va. Edici\u00f3n.<\/span><\/p>\n<p style=\"text-align: justify;\"><a href=\"http:\/\/notinor.com\/jujuy\/wp-content\/uploads\/2014\/12\/FIESTA-YALA-2.jpg\"><img decoding=\"async\" loading=\"lazy\" class=\"alignnone size-medium wp-image-7991\" src=\"http:\/\/notinor.com\/jujuy\/wp-content\/uploads\/2014\/12\/FIESTA-YALA-2-300x225.jpg\" alt=\"FIESTA YALA 2\" width=\"300\" height=\"225\" srcset=\"https:\/\/notinor.com\/jujuy\/wp-content\/uploads\/2014\/12\/FIESTA-YALA-2-300x225.jpg 300w, https:\/\/notinor.com\/jujuy\/wp-content\/uploads\/2014\/12\/FIESTA-YALA-2-1024x768.jpg 1024w, https:\/\/notinor.com\/jujuy\/wp-content\/uploads\/2014\/12\/FIESTA-YALA-2.jpg 1280w\" sizes=\"(max-width: 300px) 100vw, 300px\" \/><\/a><\/p>\n<p style=\"text-align: justify;\"><span lang=\"ES\">Las actividades fueron encabezadas por el Presidente del Municipio Ecoturistico de Yala, doctor Facundo Vargas Dur\u00e1n, quien se encontraba acompa\u00f1ado por el Ministro de Planificaci\u00f3n e Infraestructura de la Provincia, Ing. Gustavo Rodas, el Secretario de Planificaci\u00f3n del Ministerio de Salud, doctor Pereyra Rosas, El Jefe de la Comisaria de Yala, la Vocal 1ro. de Yala Mariela Rios, Fernanda Vargas Paisana Provincial, Elsa tapia en representaci\u00f3n de la Federaci\u00f3n Gaucha, Silvia Yapura de la Asociaci\u00f3n Civil la Gauchita, autoridades Municipales y pueblo en general. <\/span><\/p>\n<p style=\"text-align: justify;\"><span lang=\"ES\">\u201cEl acompa\u00f1amiento de las autoridades provinciales es muy importe en este tipo de acontecimientos, porque aqu\u00ed lo que se venera es la parte espiritual del pueblo y por ello se trata de una jornada cargada de emotividad, donde la gente espera el acompa\u00f1amiento de sus autoridades, de all\u00ed la importancia de la visita de hoy, de la cual estoy muy agradecido\u201d, expreso el Jefe Comunal, quien justamente siempre supo cargar fuerte en otras oportunidades ante la falta de ese tipo de acompa\u00f1amientos.<\/span><\/p>\n","protected":false},"excerpt":{"rendered":"<p>Se llevaron a cabo las Fiestas patronales de Yala en honras al dia de la Inmaculada Concepci\u00f3n de Mar\u00eda Patrona del Pueblo y Virgen del Valle. A horas doce dio inicio a la misa ofrecida por el Presb\u00edtero Alejandro Choque de la parroquia de Yala, y al finalizar ese oficio dio lugar al desfile c\u00edvico [&hellip;]<\/p>\n","protected":false},"author":1,"featured_media":7991,"comment_status":"open","ping_status":"open","sticky":false,"template":"","format":"standard","meta":{"_stopmodifiedupdate":false,"_modified_date":"","inline_featured_image":false,"spay_email":"","jetpack_publicize_message":""},"categories":[490],"tags":[],"jetpack_featured_media_url":"https:\/\/notinor.com\/jujuy\/wp-content\/uploads\/2014\/12\/FIESTA-YALA-2.jpg","jetpack_publicize_connections":[],"_links":{"self":[{"href":"https:\/\/notinor.com\/jujuy\/wp-json\/wp\/v2\/posts\/7990"}],"collection":[{"href":"https:\/\/notinor.com\/jujuy\/wp-json\/wp\/v2\/posts"}],"about":[{"href":"https:\/\/notinor.com\/jujuy\/wp-json\/wp\/v2\/types\/post"}],"author":[{"embeddable":true,"href":"https:\/\/notinor.com\/jujuy\/wp-json\/wp\/v2\/users\/1"}],"replies":[{"embeddable":true,"href":"https:\/\/notinor.com\/jujuy\/wp-json\/wp\/v2\/comments?post=7990"}],"version-history":[{"count":1,"href":"https:\/\/notinor.com\/jujuy\/wp-json\/wp\/v2\/posts\/7990\/revisions"}],"predecessor-version":[{"id":7992,"href":"https:\/\/notinor.com\/jujuy\/wp-json\/wp\/v2\/posts\/7990\/revisions\/7992"}],"wp:featuredmedia":[{"embeddable":true,"href":"https:\/\/notinor.com\/jujuy\/wp-json\/wp\/v2\/media\/7991"}],"wp:attachment":[{"href":"https:\/\/notinor.com\/jujuy\/wp-json\/wp\/v2\/media?parent=7990"}],"wp:term":[{"taxonomy":"category","embeddable":true,"href":"https:\/\/notinor.com\/jujuy\/wp-json\/wp\/v2\/categories?post=7990"},{"taxonomy":"post_tag","embeddable":true,"href":"https:\/\/notinor.com\/jujuy\/wp-json\/wp\/v2\/tags?post=7990"}],"curies":[{"name":"wp","href":"https:\/\/api.w.org\/{rel}","templated":true}]}}