{"id":7987,"date":"2014-12-09T02:03:17","date_gmt":"2014-12-09T02:03:17","guid":{"rendered":"http:\/\/notinor.com\/jujuy\/?p=7987"},"modified":"2014-12-09T02:03:17","modified_gmt":"2014-12-09T02:03:17","slug":"carolina-moises-ampliara-la-oferta-universitaria-en-san-pedro","status":"publish","type":"post","link":"https:\/\/notinor.com\/jujuy\/carolina-moises-ampliara-la-oferta-universitaria-en-san-pedro\/","title":{"rendered":"Carolina Mois\u00e9s ampliar\u00e1 la oferta universitaria en San Pedro"},"content":{"rendered":"<p>\u201cEsto es un proyecto sensible para toda la comunidad de San Pedro de Jujuy, hace m\u00e1s de 15 a\u00f1os que es un deseo, una necesidad de una ciudad que tienen m\u00e1s de 80.000 habitantes que no solo es cabeza del departamento, sino que es l\u00edder en la regi\u00f3n del ramal y de las yungas\u201d acot\u00f3 la licenciada Mois\u00e9s.<\/p>\n<p>\u201cEl sue\u00f1o de contar con la Universidad Nacional de Jujuy en San Pedro hoy es una realidad y quiero agradecer al Rector de la Universidad, Rodolfo Techi, por hacer realidad algo hist\u00f3rico para mi ciudad y tambi\u00e9n para la Universidad, de abrir la primera sede en el interior de la Provincia\u201d.<\/p>\n<p>\u201cEsta oferta educativa para la ciudad de San Pedro, combina una enorme cantidad de profesorados que tenemos en formaci\u00f3n docente en esta zona y el fin productivo agrario que ser\u00e1 fundamental como eje de proceso de transformaci\u00f3n que est\u00e1 viviendo San Pedro de Jujuy\u201d.<\/p>\n<p><a href=\"http:\/\/notinor.com\/jujuy\/wp-content\/uploads\/2014\/12\/CarolinaUnju.jpg\"><img decoding=\"async\" loading=\"lazy\" class=\"alignnone size-medium wp-image-7988\" src=\"http:\/\/notinor.com\/jujuy\/wp-content\/uploads\/2014\/12\/CarolinaUnju-300x198.jpg\" alt=\"CarolinaUnju\" width=\"300\" height=\"198\" srcset=\"https:\/\/notinor.com\/jujuy\/wp-content\/uploads\/2014\/12\/CarolinaUnju-300x198.jpg 300w, https:\/\/notinor.com\/jujuy\/wp-content\/uploads\/2014\/12\/CarolinaUnju.jpg 1000w\" sizes=\"(max-width: 300px) 100vw, 300px\" \/><\/a><\/p>\n<p>Luego Mois\u00e9s agradeci\u00f3 a la Unidad de Cambio Rural (UCAR), al Ministerio de Agricultura de la Naci\u00f3n para financiar las obras de acondicionamiento para el dictado de clases en el Club Sociedad Tiro y Gimnasia de San Pedro de Jujuy, como sede de la Unju en dicha localidad.<\/p>\n<p>Por su parte el Rector de la Unju, Rodldo Techi, aclar\u00f3 que la Sede San Pedro inici\u00f3 sus actividades junto con la nacionalizaci\u00f3n de la Universidad hace 40 a\u00f1os, pero fue cerrada un par de a\u00f1os despu\u00e9s.<\/p>\n<p>Dijo que la actual gesti\u00f3n de la UNJu fij\u00f3 como uno de sus principales desaf\u00edos la reapertura de dicha sede, iniciando, de esta manera, un proceso de expansi\u00f3n acad\u00e9mica de doble alcance: interno, destinado a la creaci\u00f3n de nuevas carreras con el objetivo de ampliar su oferta acad\u00e9mica en el contexto de nuevas demandas y necesidades; y externo, orientado a la presencia efectiva de la Casa de Estudios en el interior de la provincia, resignificando la actual experiencia de concentraci\u00f3n capitalina.<\/p>\n","protected":false},"excerpt":{"rendered":"<p>\u201cEsto es un proyecto sensible para toda la comunidad de San Pedro de Jujuy, hace m\u00e1s de 15 a\u00f1os que es un deseo, una necesidad de una ciudad que tienen m\u00e1s de 80.000 habitantes que no solo es cabeza del departamento, sino que es l\u00edder en la regi\u00f3n del ramal y de las yungas\u201d acot\u00f3 [&hellip;]<\/p>\n","protected":false},"author":1,"featured_media":7988,"comment_status":"open","ping_status":"open","sticky":false,"template":"","format":"standard","meta":{"_stopmodifiedupdate":false,"_modified_date":"","inline_featured_image":false,"spay_email":"","jetpack_publicize_message":""},"categories":[490],"tags":[],"jetpack_featured_media_url":"https:\/\/notinor.com\/jujuy\/wp-content\/uploads\/2014\/12\/CarolinaUnju.jpg","jetpack_publicize_connections":[],"_links":{"self":[{"href":"https:\/\/notinor.com\/jujuy\/wp-json\/wp\/v2\/posts\/7987"}],"collection":[{"href":"https:\/\/notinor.com\/jujuy\/wp-json\/wp\/v2\/posts"}],"about":[{"href":"https:\/\/notinor.com\/jujuy\/wp-json\/wp\/v2\/types\/post"}],"author":[{"embeddable":true,"href":"https:\/\/notinor.com\/jujuy\/wp-json\/wp\/v2\/users\/1"}],"replies":[{"embeddable":true,"href":"https:\/\/notinor.com\/jujuy\/wp-json\/wp\/v2\/comments?post=7987"}],"version-history":[{"count":1,"href":"https:\/\/notinor.com\/jujuy\/wp-json\/wp\/v2\/posts\/7987\/revisions"}],"predecessor-version":[{"id":7989,"href":"https:\/\/notinor.com\/jujuy\/wp-json\/wp\/v2\/posts\/7987\/revisions\/7989"}],"wp:featuredmedia":[{"embeddable":true,"href":"https:\/\/notinor.com\/jujuy\/wp-json\/wp\/v2\/media\/7988"}],"wp:attachment":[{"href":"https:\/\/notinor.com\/jujuy\/wp-json\/wp\/v2\/media?parent=7987"}],"wp:term":[{"taxonomy":"category","embeddable":true,"href":"https:\/\/notinor.com\/jujuy\/wp-json\/wp\/v2\/categories?post=7987"},{"taxonomy":"post_tag","embeddable":true,"href":"https:\/\/notinor.com\/jujuy\/wp-json\/wp\/v2\/tags?post=7987"}],"curies":[{"name":"wp","href":"https:\/\/api.w.org\/{rel}","templated":true}]}}