{"id":79542,"date":"2016-07-06T00:00:18","date_gmt":"2016-07-06T03:00:18","guid":{"rendered":"http:\/\/notinor.com\/jujuy\/?p=79542"},"modified":"2016-07-05T23:23:45","modified_gmt":"2016-07-06T02:23:45","slug":"schoklender-hebe-perdio-el-rumbo-me-da-verguenza-ajena","status":"publish","type":"post","link":"https:\/\/notinor.com\/jujuy\/schoklender-hebe-perdio-el-rumbo-me-da-verguenza-ajena\/","title":{"rendered":"Schoklender: \"Hebe perdi\u00f3 el rumbo, me da verg\u00fcenza ajena\""},"content":{"rendered":"<p>El ex apoderado de la Fundaci\u00f3n Madres de Plaza de Mayo carg\u00f3 contra la dirigente de la instituci\u00f3n y asegur\u00f3 que el detenido Jos\u00e9 L\u00f3pez \"perge\u00f1\u00f3 maniobras\" en Sue\u00f1os Compartidos \"con el benepl\u00e1cito de Cristina\".<\/p>\n<p><a href=\"http:\/\/notinor.com\/jujuy\/wp-content\/uploads\/2016\/07\/schoklender.jpg\"><img decoding=\"async\" loading=\"lazy\" class=\"alignnone size-full wp-image-79544\" src=\"http:\/\/notinor.com\/jujuy\/wp-content\/uploads\/2016\/07\/schoklender.jpg\" alt=\"schoklender\" width=\"3012\" height=\"2008\" srcset=\"https:\/\/notinor.com\/jujuy\/wp-content\/uploads\/2016\/07\/schoklender.jpg 3012w, https:\/\/notinor.com\/jujuy\/wp-content\/uploads\/2016\/07\/schoklender-300x200.jpg 300w, https:\/\/notinor.com\/jujuy\/wp-content\/uploads\/2016\/07\/schoklender-1024x683.jpg 1024w, https:\/\/notinor.com\/jujuy\/wp-content\/uploads\/2016\/07\/schoklender-900x600.jpg 900w\" sizes=\"(max-width: 3012px) 100vw, 3012px\" \/><\/a><\/p>\n<p>El ex apoderado de la Fundaci\u00f3n Madres de Plaza de Mayo, Sergio Schoklender, acus\u00f3 hoy a la dirigente de esa instituci\u00f3n, Hebe de Bonafini, de haber perdido \"completamente el rumbo\" y responsabiliz\u00f3 al detenido ex secretario de Obras P\u00fablicas Jos\u00e9 L\u00f3pez de \"toda la maniobra\" cometida en torno al programa Sue\u00f1os Compartidos \"con el benepl\u00e1cito de Cristina (Kirchner)\".<\/p>\n<p>\"Me da verg\u00fcenza ajena, Hebe perdi\u00f3 completamente la l\u00ednea, el rumbo. Hay que entender que ella no es 'las Madres'. Por un lado, tenemos a las Madres de Plaza de Mayo, que a lo largo y ancho de todo el pa\u00eds han luchado durante much\u00edsimos a\u00f1os de una manera incre\u00edblemente digna. Y (por el otro) a Hebe, que en un momento determinado se casa con el poder y termina diciendo cualquier disparate\", razon\u00f3 en di\u00e1logo con Radio Nacional.<\/p>\n<p>Schoklender \u2014a quien el juez federal Marcelo Mart\u00ednez De Giorgi cit\u00f3 para la semana pr\u00f3xima a indagatoria en la causa que investiga el millonario desv\u00edo de fondos en el programa de viviendas \"Sue\u00f1os Compartidos\"\u2014 insisti\u00f3 en rechazar los hechos que se le imputan: \"Yo nunca me rob\u00e9 un centavo\", enfatiz\u00f3.<\/p>\n<p>El ex apoderado de la Fundaci\u00f3n Madres \u2014que estuvo preso por el desv\u00edo millonario de fondos p\u00fablicos para construir viviendas\u2014 cuestion\u00f3 a Mart\u00ednez De Giorgi por haber \"pisado la causa de Sue\u00f1os Compartidos durante a\u00f1os\" y opin\u00f3 que este magistrado solo \"es exteriormente un poco m\u00e1s prolijo y con bajo perfil en comparaci\u00f3n del otro payaso\", en alusi\u00f3n al ahora ex juez Norberto Oyarbide.<\/p>\n<p>\"Todas estas maniobras desde el kirchnerismo solo fueron posible gracias a la connivencia y complicidad de los jueces federales\", sostuvo. Al apuntar contra L\u00f3pez, detenido a mediados de junio pasado tras intentar ocultar casi 9 millones de d\u00f3lares en un convento de General Rodr\u00edguez, Schoklender record\u00f3 que al ex funcionario \"hace cinco a\u00f1os que lo hab\u00eda denunciado\" por presuntas irregularidades \"en el tema de la obra p\u00fablica\".<\/p>\n<p>\"La totalidad de las decisiones de las obras p\u00fablicas las tomaban L\u00f3pez con (el ex ministro de Planificaci\u00f3n Julio) De Vido a las \u00f3rdenes de N\u00e9stor (Kirchner) y Cristina\", asegur\u00f3.<\/p>\n<p>A\u00f1adi\u00f3 que, tras la muerte de N\u00e9stor Kirchner, el ex segundo de Julio De Vido busc\u00f3 continuar el plan de viviendas sociales Sue\u00f1os Compartidos con \"empresas amigas\" y, en tal sentido, resalt\u00f3: \"Hac\u00eda cinco a\u00f1os que yo ven\u00eda denunciando que toda esa maniobra hab\u00eda sido perge\u00f1a por L\u00f3pez e, indudablemente, con el benepl\u00e1cito de Cristina\".<\/p>\n<p>Agencia DyN\u200b<\/p>\n","protected":false},"excerpt":{"rendered":"<p>El ex apoderado de la Fundaci\u00f3n Madres de Plaza de Mayo carg\u00f3 contra la dirigente de la instituci\u00f3n y asegur\u00f3 que el detenido Jos\u00e9 L\u00f3pez \"perge\u00f1\u00f3 maniobras\" en Sue\u00f1os Compartidos \"con el benepl\u00e1cito de Cristina\". El ex apoderado de la Fundaci\u00f3n Madres de Plaza de Mayo, Sergio Schoklender, acus\u00f3 hoy a la dirigente de esa [&hellip;]<\/p>\n","protected":false},"author":1,"featured_media":79544,"comment_status":"open","ping_status":"open","sticky":false,"template":"","format":"standard","meta":{"_stopmodifiedupdate":false,"_modified_date":"","inline_featured_image":false},"categories":[5,501],"tags":[],"jetpack_featured_media_url":"https:\/\/notinor.com\/jujuy\/wp-content\/uploads\/2016\/07\/schoklender.jpg","_links":{"self":[{"href":"https:\/\/notinor.com\/jujuy\/wp-json\/wp\/v2\/posts\/79542"}],"collection":[{"href":"https:\/\/notinor.com\/jujuy\/wp-json\/wp\/v2\/posts"}],"about":[{"href":"https:\/\/notinor.com\/jujuy\/wp-json\/wp\/v2\/types\/post"}],"author":[{"embeddable":true,"href":"https:\/\/notinor.com\/jujuy\/wp-json\/wp\/v2\/users\/1"}],"replies":[{"embeddable":true,"href":"https:\/\/notinor.com\/jujuy\/wp-json\/wp\/v2\/comments?post=79542"}],"version-history":[{"count":1,"href":"https:\/\/notinor.com\/jujuy\/wp-json\/wp\/v2\/posts\/79542\/revisions"}],"predecessor-version":[{"id":79545,"href":"https:\/\/notinor.com\/jujuy\/wp-json\/wp\/v2\/posts\/79542\/revisions\/79545"}],"wp:featuredmedia":[{"embeddable":true,"href":"https:\/\/notinor.com\/jujuy\/wp-json\/wp\/v2\/media\/79544"}],"wp:attachment":[{"href":"https:\/\/notinor.com\/jujuy\/wp-json\/wp\/v2\/media?parent=79542"}],"wp:term":[{"taxonomy":"category","embeddable":true,"href":"https:\/\/notinor.com\/jujuy\/wp-json\/wp\/v2\/categories?post=79542"},{"taxonomy":"post_tag","embeddable":true,"href":"https:\/\/notinor.com\/jujuy\/wp-json\/wp\/v2\/tags?post=79542"}],"curies":[{"name":"wp","href":"https:\/\/api.w.org\/{rel}","templated":true}]}}