{"id":79261,"date":"2016-07-05T00:00:02","date_gmt":"2016-07-05T03:00:02","guid":{"rendered":"http:\/\/notinor.com\/jujuy\/?p=79261"},"modified":"2016-07-05T00:23:41","modified_gmt":"2016-07-05T03:23:41","slug":"paritarias-cabana-fusz-adelanto-que-esta-semana-podria-haber-novedades","status":"publish","type":"post","link":"https:\/\/notinor.com\/jujuy\/paritarias-cabana-fusz-adelanto-que-esta-semana-podria-haber-novedades\/","title":{"rendered":"Cabana Fusz:  \"no hay fondos que sobren para invertir en el tema salarial\""},"content":{"rendered":"<p><a href=\"http:\/\/notinor.com\/jujuy\/wp-content\/uploads\/2016\/07\/cabana-fusz-4.jpg\"><img decoding=\"async\" loading=\"lazy\" class=\"alignnone size-full wp-image-79262\" src=\"http:\/\/notinor.com\/jujuy\/wp-content\/uploads\/2016\/07\/cabana-fusz-4.jpg\" alt=\"cabana fusz 4\" width=\"670\" height=\"511\" srcset=\"https:\/\/notinor.com\/jujuy\/wp-content\/uploads\/2016\/07\/cabana-fusz-4.jpg 670w, https:\/\/notinor.com\/jujuy\/wp-content\/uploads\/2016\/07\/cabana-fusz-4-300x229.jpg 300w\" sizes=\"(max-width: 670px) 100vw, 670px\" \/><\/a><br \/>\nEl ministro de Trabajo, Jorge Cabana Fusz, en di\u00e1logo con NOTINOR.COM, se refiri\u00f3 a la pasada reuni\u00f3n que mantuvo el gobierno con los gremios, \"m\u00e1s all\u00e1 de la postura, de la catarsis que hizo todos los problemas que hoy tiene Jujuy, el problema de los gremios, el problema de los empleados de la provincia, creo que fue una reuni\u00f3n amena donde se dijeron muchas cosas donde siempre prim\u00f3 por sobre todas las cosas el di\u00e1logo y tratar de buscar una salida lo antes posible todos esto\".<\/p>\n<p>\"Hemos escuchado los pedidos de todos y cada uno de los gremios sobre el tema m\u00e1s importante que es el tema salarial, por lo inmediato, porque hay que dar una respuesta. Nosotros le hab\u00edamos dado a los gremios el 22 % en el per\u00edodo inicial a partir de marzo, y por estas fechas ya tendr\u00edamos que estar sentados, como lo estamos haciendo, dialogando con ellos para definir en forma inmediata el porcentaje que se va a acordar\".<\/p>\n<p>En este sentido, Cabana Fusz se\u00f1al\u00f3 que el ministro de Hacienda, Carlos Sadir, estuvo realizando gestiones ante el gobierno nacional a fin de obtener los fondos para hacer frente a la recomposici\u00f3n salarial, \"el ministro de Hacienda habl\u00f3 con ellos y les transmiti\u00f3 que est\u00e1 viajando a Buenos Aires para buscar los fondos. hay un pedido especial de fondos porque la provincia para avanzar sobre el tema del aumento salarial no cuenta con fondos disponibles y siempre para los aumentos salariales, como tambi\u00e9n el Aguinaldo, el dinero viene de Buenos Aires. Esas gestiones ya est\u00e1n avanzadas y se estar\u00eda en condiciones \u00e9ste mi\u00e9rcoles o jueves de darles una informaci\u00f3n a los gremios de cu\u00e1nto ser\u00e1 el monto o el porcentaje que se estar\u00eda en condiciones de pagarle a los empleados\".<\/p>\n<p>Consultado sobre su opini\u00f3n tras el paro realizado este pasado viernes, el ministro consider\u00f3 \"lo lamentable de esto es que en medio de esto se llev\u00f3 adelante\u00a0el paro. Creo que esto no empa\u00f1a lo hablado, pero creo que no nos hace bien porque nosotros pretendemos seguir dialogando sin paros, sin cortes, a la gente no le gusta estas cosas, y tampoco que si alguien no est\u00e1 de acuerdo con el paro que se lo vaya a apretar o apurar para que salgan y acompa\u00f1en las medidas de fuerza. Estas cosas no nos hacen bien, y creo que son parte de un pasado de un gobierno que ya se fue. Hoy la gente quiere trabajar, ser bien remunerada como corresponde. Nosotros reconocemos y estamos plenamente de acuerdo con los problemas cr\u00edticos en cuanto al tema salarial, la forma de vivir, los tarifazos\".<\/p>\n<p>\"Somos conscientes de todo lo que est\u00e1 pasando, de la inflaci\u00f3n, el tema de no tener un salario acorde a la realidad. En estos seis meses hemos tratado de arreglar los problemas que tienen los trabajadores. Nos cuesta mucho pero le ponemos muchas ganas y pretendemos que por lo menos el a\u00f1o que viene tengamos un salario distinto que est\u00e9 constituido como corresponde, donde podamos avanzar en un blanqueo progresivo de todos los adicionales que a la postre ha resultado en la realidad d que hay un mont\u00f3n de gente que no se quiere jubilar porque es muy poco lo que cobran. Hay reparticiones donde tienen un b\u00e1sico de 500 o 600 pesos. Todo esto es lo que hemos encontrado, cosas que no se hicieron bien antes. No nos quejamos del pasado pero ya es nuestra responsabilidad de avanzar sobre esto y ver c\u00f3mo lo solucionamos. Hoy somos los responsables nosotros y no le escapamos a esto pero pedimos tambi\u00e9n el acompa\u00f1amiento de la gente, el acompa\u00f1amiento de los gremios para que juntos llevemos adelante este cambio que pretendemos que fue lo que hemos llevado en la campa\u00f1a y que la gente apoy\u00f3. Seguimos sosteniendo que lo vamos a hacer\", asegur\u00f3.<\/p>\n<p>En cuanto a las demandas de los gremios, Cabana Fusz explic\u00f3, \"los gremios est\u00e1n pidiendo en promedio un 40%, o sea un nuevo aumento que se sumar\u00eda al 22% que ya se les dio. Hablar de esta recomposici\u00f3n, esta diferencia, el ministro de Econom\u00eda les dec\u00eda que era imposible porque porque hoy la grilla salarial es mas o menos de $1100 millones que paga la provincia, y curiosamente los fondos que llegan de naci\u00f3n tambi\u00e9n son $1100 millones\".<\/p>\n<p>\"As\u00ed que no hay fondos que sobren como para poder invertir en el tema salarial. Esto significar\u00eda aplicar un aumento del 20% que est\u00e1n pidiendo los gremios, lo que implicar\u00eda unos 250 millones m\u00e1s que es imposible si la naci\u00f3n no lo da. De todas maneras este tema espec\u00edfico de los n\u00fameros lo maneja econom\u00eda. As\u00ed que habr\u00e1 que esperar al d\u00eda mi\u00e9rcoles a ver que novedades trae el ministro, y vamos a tener una propuesta real y saber en definitiva que es lo que se estar\u00e1 en condiciones de ofrecer\", adelant\u00f3.<\/p>\n<p>En cuanto al pedido de los gremios de que el aumento a otorgarse sea retroactivo al mes de junio para que impacte en \u00e9sta primer cuota del medio aguinaldo, el ministro consider\u00f3 \"hay muchos temas que analizar, todos los acuerdos salariales son referenciales a nivel nacional; la mayor\u00eda de ellos reci\u00e9n acordaron y no est\u00e1n impactando sobre el aguinaldo. El caso de UPCN, a nivel nacional, result\u00f3 que rige un 7% para el mes de junio, un 14% operar\u00e1 el mes de agosto, y el resto de 31% para el mes de noviembre. En la provincia venimos pagando desde marzo, as\u00ed que el 22% otorgado ya impacta en el Aguinaldo. Es un pedido de ellos que el ministro de Econom\u00eda lo ha tomado y lo tendr\u00e1 que analizar\"<\/p>\n<p>Sobre la unidad de acci\u00f3n desplegada por los gremios de estatales, por primera vez en varios a\u00f1os en que estuvieron divididos, Cabana Fusz opin\u00f3, \"yo creo que esto es bueno. Yo, en forma particular, considero que los gremios nunca tendr\u00edan que estar atomizados, y tendr\u00edan que estar todos juntos porque ac\u00e1 hay una realidad que habr\u00e1 que diferenciar en el tiempo y ver como se soluciona pero, ac\u00e1 hay un \u00fanico salario para todos los empleados p\u00fablicos as\u00ed que no veo bien que cada uno vaya por su lado\".<\/p>\n","protected":false},"excerpt":{"rendered":"<p>El ministro de Trabajo, Jorge Cabana Fusz, en di\u00e1logo con NOTINOR.COM, se refiri\u00f3 a la pasada reuni\u00f3n que mantuvo el gobierno con los gremios, \"m\u00e1s all\u00e1 de la postura, de la catarsis que hizo todos los problemas que hoy tiene Jujuy, el problema de los gremios, el problema de los empleados de la provincia, creo [&hellip;]<\/p>\n","protected":false},"author":1,"featured_media":79262,"comment_status":"open","ping_status":"open","sticky":false,"template":"","format":"standard","meta":{"_stopmodifiedupdate":false,"_modified_date":"","inline_featured_image":false},"categories":[493,501],"tags":[],"jetpack_featured_media_url":"https:\/\/notinor.com\/jujuy\/wp-content\/uploads\/2016\/07\/cabana-fusz-4.jpg","_links":{"self":[{"href":"https:\/\/notinor.com\/jujuy\/wp-json\/wp\/v2\/posts\/79261"}],"collection":[{"href":"https:\/\/notinor.com\/jujuy\/wp-json\/wp\/v2\/posts"}],"about":[{"href":"https:\/\/notinor.com\/jujuy\/wp-json\/wp\/v2\/types\/post"}],"author":[{"embeddable":true,"href":"https:\/\/notinor.com\/jujuy\/wp-json\/wp\/v2\/users\/1"}],"replies":[{"embeddable":true,"href":"https:\/\/notinor.com\/jujuy\/wp-json\/wp\/v2\/comments?post=79261"}],"version-history":[{"count":3,"href":"https:\/\/notinor.com\/jujuy\/wp-json\/wp\/v2\/posts\/79261\/revisions"}],"predecessor-version":[{"id":79454,"href":"https:\/\/notinor.com\/jujuy\/wp-json\/wp\/v2\/posts\/79261\/revisions\/79454"}],"wp:featuredmedia":[{"embeddable":true,"href":"https:\/\/notinor.com\/jujuy\/wp-json\/wp\/v2\/media\/79262"}],"wp:attachment":[{"href":"https:\/\/notinor.com\/jujuy\/wp-json\/wp\/v2\/media?parent=79261"}],"wp:term":[{"taxonomy":"category","embeddable":true,"href":"https:\/\/notinor.com\/jujuy\/wp-json\/wp\/v2\/categories?post=79261"},{"taxonomy":"post_tag","embeddable":true,"href":"https:\/\/notinor.com\/jujuy\/wp-json\/wp\/v2\/tags?post=79261"}],"curies":[{"name":"wp","href":"https:\/\/api.w.org\/{rel}","templated":true}]}}