{"id":78292,"date":"2016-06-27T00:01:04","date_gmt":"2016-06-27T03:01:04","guid":{"rendered":"http:\/\/notinor.com\/jujuy\/?p=78292"},"modified":"2016-06-26T19:58:43","modified_gmt":"2016-06-26T22:58:43","slug":"stolbizer-denunciara-a-cfk-por-asociacion-ilicita-en-las-causas-hotesur-y-los-sauces","status":"publish","type":"post","link":"https:\/\/notinor.com\/jujuy\/stolbizer-denunciara-a-cfk-por-asociacion-ilicita-en-las-causas-hotesur-y-los-sauces\/","title":{"rendered":"Stolbizer denunciar\u00e1 a CFK por \"asociaci\u00f3n il\u00edcita\" en las causas Hotesur y Los Sauces"},"content":{"rendered":"<p>La diputada acusar\u00e1 a la ex mandataria de liderar una supuesta \"asociaci\u00f3n il\u00edcita vinculada a la obra p\u00fablica\", creada por N\u00e9stor Kirchner<\/p>\n<p><a href=\"http:\/\/notinor.com\/jujuy\/wp-content\/uploads\/2016\/06\/stolbizer-denuncia.jpg\"><img decoding=\"async\" loading=\"lazy\" class=\"size-full wp-image-78293\" src=\"http:\/\/notinor.com\/jujuy\/wp-content\/uploads\/2016\/06\/stolbizer-denuncia.jpg\" alt=\"zzzznacp2NOTICIAS ARGENTINAS BAIRES, OCTUBRE 21: La candidata a presidente por Progresistas, Margarita Stolbizer, presento un informe sobre el estado de la causa Hotesur . Foto NA: PRENSA STOLBIZERzzzz\" width=\"624\" height=\"468\" srcset=\"https:\/\/notinor.com\/jujuy\/wp-content\/uploads\/2016\/06\/stolbizer-denuncia.jpg 624w, https:\/\/notinor.com\/jujuy\/wp-content\/uploads\/2016\/06\/stolbizer-denuncia-300x225.jpg 300w\" sizes=\"(max-width: 624px) 100vw, 624px\" \/><\/a><\/p>\n<p>La ex presidenta de la Naci\u00f3n Cristina Kirchner ser\u00e1 denunciada ma\u00f1ana, por la diputada nacional Margarita Stolbizer, como supuesta responsable de una \"asociaci\u00f3n il\u00edcita\" formada para delinquir con la obra p\u00fablica.<\/p>\n<p>La ampliaci\u00f3n de denuncia, a la que accedi\u00f3 T\u00e9lam, ser\u00e1 presentada por la diputada Stolbizer a trav\u00e9s de su abogada, Silvia Mart\u00ednez, en las causas Hotesur y Los Sauces, que investigan los jueces Juli\u00e1n Ercolini y Claudio Bonadio.<\/p>\n<p>Esta ampliaci\u00f3n se sumar\u00e1 a causas que ya tramitan Ercolini y Bonadio por supuesto lavado de activos en las empresas de la familia Kirchner \"Los Sauces\" y \"Hotesur\", pero que no inclu\u00edan hasta el momento la figura de asociaci\u00f3n il\u00edcita.<\/p>\n<p>\"Desde el a\u00f1o 2003 y en el per\u00edodo que corresponde a las presidencias de N\u00e9stor Kirchner y Cristina Fern\u00e1ndez de Kirchner, diferentes funcionarios p\u00fablicos (inclusive los presidentes mencionados) y empresarios privados claramente identificados por sus v\u00ednculos personales con aquellos, conformaron una asociaci\u00f3n il\u00edcita vinculada a la obra publica\", sostiene Stolbizer en la ampliaci\u00f3n de denuncia.<\/p>\n<p>\"Exist\u00eda una organizaci\u00f3n interna con roles y deberes determinados cuyos jefes o cabeza de la banda era la familia Kirchner\", advirti\u00f3 Stolbizer en el texto que ma\u00f1ana presentar\u00e1 ante los magistrados.<\/p>\n<p>Y consider\u00f3 que \"el responsable principal de esa organizaci\u00f3n (ya que no solo se unieron para cometer delito, sino que efectivamente los cometieron) fue hasta el a\u00f1o 2010 N\u00e9stor Kirchner y con posterioridad Cristina Fern\u00e1ndez de Kirchner\"<\/p>\n<p>Una vez que Stolbizer presente la ampliaci\u00f3n en ambos juzgados, los magistrados dar\u00e1n vista a la fiscal\u00eda para que determine si corresponde ampliar las investigaciones e imputar a la ex presidenta y los dem\u00e1s mencionados por este delito, que prev\u00e9 hasta diez a\u00f1os de prisi\u00f3n.<\/p>\n<p>Para Stolbizer \"todos los miembros conoc\u00edan y quer\u00edan formar parte de la asociaci\u00f3n il\u00edcita que aqu\u00ed se denuncia. Su \u00fanica finalidad era cometer delitos. No hab\u00eda determinaci\u00f3n en la cantidad de delitos que se iban a consumar\", agrega.<\/p>\n<p>Para las denunciantes, desde el 2010, la ex Presidenta fue responsable de ese delito cometido para lograr otros como \"malversaci\u00f3n de caudales p\u00fablicos, abuso de autoridad y lavado de dinero\".<\/p>\n<p>De Vido y L\u00f3pez<\/p>\n<p>Adem\u00e1s, se incluir\u00e1 en la denuncia a los ya imputados en las causas penales (la propia Cristina Kirchner, L\u00e1zaro B\u00e1ez y Crist\u00f3bal L\u00f3pez, en la causa de Los Sauces, y Cristina, B\u00e1ez y Romina Mercado, en la causa Hotesur); al detenido ex secretario de Obras P\u00fablicas, Jos\u00e9 L\u00f3pez , B\u00e1ez; el ex ministro de Planificaci\u00f3n Julio De Vido y al ex administrador de Vialidad Nacional N\u00e9lson Periotti.<\/p>\n<p>\"Sin perjuicio de la determinaci\u00f3n de otros niveles de participaci\u00f3n que han tenido otros funcionarios como Ricardo Echegaray, que tambi\u00e9n son materia de investigaci\u00f3n judicial penal\", agrega el texto que la abogada Mart\u00ednez presentar\u00e1 ma\u00f1ana.<\/p>\n<p>Stolbizer, que es querellante en ambas causas, detall\u00f3 que la asociaci\u00f3n il\u00edcita se consum\u00f3 para delinquir con la obra p\u00fablica en el kirchnerismo.<\/p>\n<p>\"La mayor inversi\u00f3n en obra p\u00fablica se destin\u00f3 a la provincia de Santa Cruz y el 80% de esas obras las gan\u00f3 el empresario L\u00e1zaro B\u00e1ez, hoy procesado por lavado de dinero e investigado por varios otros delitos\", record\u00f3.<\/p>\n<p>Y tambi\u00e9n con el rol que tuvo Jos\u00e9 L\u00f3pez, el ex secretario de Obras P\u00fablicas del kirchnerismo y hoy preso en la c\u00e1rcel de Ezeiza, por los casi 9 millones de d\u00f3lares que intent\u00f3 arrojar en un convento en General Rodr\u00edguez.<\/p>\n<p>Para la denunciante, Jos\u00e9 L\u00f3pez hac\u00eda que B\u00e1ez cobrase por obras en primer lugar, cuando no hab\u00eda certificaciones y en muchos casos no se realizaban.<\/p>\n<p>\"La relaci\u00f3n entre el empresario y el funcionario, ambos presos en el mismo penal, era muy estrecha. Los adelantos de obra eran el mecanismo predilecto de B\u00e1ez y L\u00f3pez para poder justificar millonarios desembolsos a empresas cercanas al kirchnerismo. Claramente exist\u00eda un acuerdo previo entre los miembros de esta asociaci\u00f3n il\u00edcita\", agrega la presentaci\u00f3n.<\/p>\n<p>\"Se gener\u00f3 una ingenier\u00eda de facturas ap\u00f3crifas a fin de dotar de una apariencia de legalidad al dinero 'extra', se simul\u00f3 una serie de contratos de alquiler de inmuebles y de hoteles a fin de 'blanquear\u00b4 el dinero que se llevaban los jefes y miembros de la asociaci\u00f3n\", concluye la denuncia.<\/p>\n","protected":false},"excerpt":{"rendered":"<p>La diputada acusar\u00e1 a la ex mandataria de liderar una supuesta \"asociaci\u00f3n il\u00edcita vinculada a la obra p\u00fablica\", creada por N\u00e9stor Kirchner La ex presidenta de la Naci\u00f3n Cristina Kirchner ser\u00e1 denunciada ma\u00f1ana, por la diputada nacional Margarita Stolbizer, como supuesta responsable de una \"asociaci\u00f3n il\u00edcita\" formada para delinquir con la obra p\u00fablica. La ampliaci\u00f3n [&hellip;]<\/p>\n","protected":false},"author":1,"featured_media":78293,"comment_status":"open","ping_status":"open","sticky":false,"template":"","format":"standard","meta":{"_stopmodifiedupdate":false,"_modified_date":"","inline_featured_image":false,"spay_email":"","jetpack_publicize_message":""},"categories":[5,501],"tags":[],"jetpack_featured_media_url":"https:\/\/notinor.com\/jujuy\/wp-content\/uploads\/2016\/06\/stolbizer-denuncia.jpg","jetpack_publicize_connections":[],"_links":{"self":[{"href":"https:\/\/notinor.com\/jujuy\/wp-json\/wp\/v2\/posts\/78292"}],"collection":[{"href":"https:\/\/notinor.com\/jujuy\/wp-json\/wp\/v2\/posts"}],"about":[{"href":"https:\/\/notinor.com\/jujuy\/wp-json\/wp\/v2\/types\/post"}],"author":[{"embeddable":true,"href":"https:\/\/notinor.com\/jujuy\/wp-json\/wp\/v2\/users\/1"}],"replies":[{"embeddable":true,"href":"https:\/\/notinor.com\/jujuy\/wp-json\/wp\/v2\/comments?post=78292"}],"version-history":[{"count":1,"href":"https:\/\/notinor.com\/jujuy\/wp-json\/wp\/v2\/posts\/78292\/revisions"}],"predecessor-version":[{"id":78294,"href":"https:\/\/notinor.com\/jujuy\/wp-json\/wp\/v2\/posts\/78292\/revisions\/78294"}],"wp:featuredmedia":[{"embeddable":true,"href":"https:\/\/notinor.com\/jujuy\/wp-json\/wp\/v2\/media\/78293"}],"wp:attachment":[{"href":"https:\/\/notinor.com\/jujuy\/wp-json\/wp\/v2\/media?parent=78292"}],"wp:term":[{"taxonomy":"category","embeddable":true,"href":"https:\/\/notinor.com\/jujuy\/wp-json\/wp\/v2\/categories?post=78292"},{"taxonomy":"post_tag","embeddable":true,"href":"https:\/\/notinor.com\/jujuy\/wp-json\/wp\/v2\/tags?post=78292"}],"curies":[{"name":"wp","href":"https:\/\/api.w.org\/{rel}","templated":true}]}}