{"id":78238,"date":"2016-06-27T00:00:51","date_gmt":"2016-06-27T03:00:51","guid":{"rendered":"http:\/\/notinor.com\/jujuy\/?p=78238"},"modified":"2016-06-25T14:02:32","modified_gmt":"2016-06-25T17:02:32","slug":"bodas-de-oro-de-la-escuela-helen-keller","status":"publish","type":"post","link":"https:\/\/notinor.com\/jujuy\/bodas-de-oro-de-la-escuela-helen-keller\/","title":{"rendered":"Bodas de Oro de la escuela \u201cHelen Keller\u201d"},"content":{"rendered":"<p>Bajo el lema \u201cHay una historia detr\u00e1s de cada instituci\u00f3n.<\/p>\n<p><a href=\"http:\/\/notinor.com\/jujuy\/wp-content\/uploads\/2016\/06\/hellen-keller.jpg\"><img decoding=\"async\" loading=\"lazy\" class=\"size-full wp-image-78244 aligncenter\" src=\"http:\/\/notinor.com\/jujuy\/wp-content\/uploads\/2016\/06\/hellen-keller.jpg\" alt=\"hellen keller\" width=\"791\" height=\"511\" srcset=\"https:\/\/notinor.com\/jujuy\/wp-content\/uploads\/2016\/06\/hellen-keller.jpg 791w, https:\/\/notinor.com\/jujuy\/wp-content\/uploads\/2016\/06\/hellen-keller-300x194.jpg 300w\" sizes=\"(max-width: 791px) 100vw, 791px\" \/><\/a><\/p>\n<p>Los actos centrales tendr\u00e1n lugar en el Centro municipal Select, ubicado en calle 665, a partir de las 10.\u00a0La Escuela Especial N\u00ba 7, \u201cInstituto Helen Keller\u201d, est\u00e1 ubicada en calle Magallanes N\u00ba 201 de barrio Coronel Arias de esta ciudad.<\/p>\n<p>Durante la jornada del viernes estuvo realizando la promoci\u00f3n de dicho evento y dando a difundir a la sociedad juje\u00f1a de las actividades que realizan en ayuda a chicos con hipoacusia.\u00a0Este a\u00f1o la Escuela Especial N\u00ba 7 ampli\u00f3 su oferta educativa incorporando ni\u00f1os sordos en el nivel primario con el apoyo de int\u00e9rprete de lengua de se\u00f1as.<\/p>\n<p>Entre sus actividades recordamos en el 2011 el coro de Lengua de Se\u00f1as de la Instituci\u00f3n se present\u00f3 en el teatro Mitre en conmemoraci\u00f3n del aniversario de Helen Keller. Estuvo acompa\u00f1ado por el coro de la Municipalidad de San Salvador de Jujuy en la interpretaci\u00f3n de la Misa Criolla.<\/p>\n<p>\"La lengua de se\u00f1as es una lengua natural de las personas sordas que como cualquier otra es un medio para comunicarse e identificarse\".<\/p>\n","protected":false},"excerpt":{"rendered":"<p>Bajo el lema \u201cHay una historia detr\u00e1s de cada instituci\u00f3n. Los actos centrales tendr\u00e1n lugar en el Centro municipal Select, ubicado en calle 665, a partir de las 10.\u00a0La Escuela Especial N\u00ba 7, \u201cInstituto Helen Keller\u201d, est\u00e1 ubicada en calle Magallanes N\u00ba 201 de barrio Coronel Arias de esta ciudad. Durante la jornada del viernes [&hellip;]<\/p>\n","protected":false},"author":1,"featured_media":78244,"comment_status":"open","ping_status":"open","sticky":false,"template":"","format":"standard","meta":{"_stopmodifiedupdate":false,"_modified_date":"","inline_featured_image":false,"spay_email":"","jetpack_publicize_message":""},"categories":[2,485],"tags":[],"jetpack_featured_media_url":"https:\/\/notinor.com\/jujuy\/wp-content\/uploads\/2016\/06\/hellen-keller.jpg","jetpack_publicize_connections":[],"_links":{"self":[{"href":"https:\/\/notinor.com\/jujuy\/wp-json\/wp\/v2\/posts\/78238"}],"collection":[{"href":"https:\/\/notinor.com\/jujuy\/wp-json\/wp\/v2\/posts"}],"about":[{"href":"https:\/\/notinor.com\/jujuy\/wp-json\/wp\/v2\/types\/post"}],"author":[{"embeddable":true,"href":"https:\/\/notinor.com\/jujuy\/wp-json\/wp\/v2\/users\/1"}],"replies":[{"embeddable":true,"href":"https:\/\/notinor.com\/jujuy\/wp-json\/wp\/v2\/comments?post=78238"}],"version-history":[{"count":1,"href":"https:\/\/notinor.com\/jujuy\/wp-json\/wp\/v2\/posts\/78238\/revisions"}],"predecessor-version":[{"id":78245,"href":"https:\/\/notinor.com\/jujuy\/wp-json\/wp\/v2\/posts\/78238\/revisions\/78245"}],"wp:featuredmedia":[{"embeddable":true,"href":"https:\/\/notinor.com\/jujuy\/wp-json\/wp\/v2\/media\/78244"}],"wp:attachment":[{"href":"https:\/\/notinor.com\/jujuy\/wp-json\/wp\/v2\/media?parent=78238"}],"wp:term":[{"taxonomy":"category","embeddable":true,"href":"https:\/\/notinor.com\/jujuy\/wp-json\/wp\/v2\/categories?post=78238"},{"taxonomy":"post_tag","embeddable":true,"href":"https:\/\/notinor.com\/jujuy\/wp-json\/wp\/v2\/tags?post=78238"}],"curies":[{"name":"wp","href":"https:\/\/api.w.org\/{rel}","templated":true}]}}