{"id":7796,"date":"2014-12-07T06:51:34","date_gmt":"2014-12-07T06:51:34","guid":{"rendered":"http:\/\/notinor.com\/jujuy\/?p=7796"},"modified":"2014-12-07T06:55:02","modified_gmt":"2014-12-07T06:55:02","slug":"la-familia-podra-visitar-el-stand-de-estacion-navidad-la-ffavem-y-los-talleres-artesanales-de-cpv-y-cic-municipales","status":"publish","type":"post","link":"https:\/\/notinor.com\/jujuy\/la-familia-podra-visitar-el-stand-de-estacion-navidad-la-ffavem-y-los-talleres-artesanales-de-cpv-y-cic-municipales\/","title":{"rendered":"Se podr\u00e1 visitar el stand de Estaci\u00f3n Navidad, la FFAVeM y los talleres en CPV y CIC municipales"},"content":{"rendered":"<p>Consultado sobre los avances organizativos de la gran feria emprendedora, el Secretario de Planificaci\u00f3n y Desarrollo de la Municipalidad de San Salvador de Jujuy, Licenciado Gustavo Muro, explic\u00f3 que\u00a0 \u201cse trata de lo que hemos logrado en este presente a\u00f1o, de\u00a0 realizar un cierre completo de las actividades de emprendedurismo,\u00a0 en el marco de la Feria Ciudad Emprendedora\u201d.<\/p>\n<p>Una actividad integral \u2013puntualiz\u00f3 Muro-\u00a0 \u201ccoordinado con las Secretar\u00edas de Desarrollo Humano, de Gobierno, Cultura y Turismo que tambi\u00e9n presentaran Estaci\u00f3n Navidad, el cierre de actividades culturales, de teatro en los barrios, de los talleres de capacitaci\u00f3n de los centros de participaci\u00f3n vecinal y una diversidad de espect\u00e1culos musicales\u201d.<\/p>\n<p>Consider\u00f3 el Lic. Gustavo Muro que \u201clo que se est\u00e1 planteando desde la Municipalidad, es a trav\u00e9s de dos jornadas el d\u00eda viernes 12 y s\u00e1bado 13, en la ex Estaci\u00f3n de Trenes, toda una jornada donde vamos a tener la feria de emprendedores, la feria de abastecimiento municipal, venta de verduras y carnes para las navidades, junto a los emprendedores artesanales, a los productos navide\u00f1os de Estaci\u00f3n Navidad, una expo interesante para que el vecino no solo pueda ir de compras a un costo bajo y de productos, sino de espect\u00e1culos y de una movida cultural de m\u00fasica y teatro\u201d.<\/p>\n<p>Luego la Secretaria de Desarrollo Humano, Mary Ferr\u00edn de Ramos, explic\u00f3 que \u201ctodas las secretarias municipales reunidas en una comisi\u00f3n de trabajo,\u00a0 en donde no solo es ciudad emprendedora,\u00a0 sino tambi\u00e9n Estaci\u00f3n Navidad, con exposici\u00f3n de los talleres artesanales, el \u00e1rea de cultura con todos los talleres de teatro,\u00a0 es decir, todo presentado en una sola muestra general que re\u00fana todas las actividades que se realizan en el municipio\u201d.<\/p>\n<p>En el caso de la Secretar\u00eda de Desarrollo humano \u2013dijo la funcionaria municipal- \u201cque en\u00a0 Estaci\u00f3n Navidad, los vecinos se encontraran con exposici\u00f3n y venta de productos\u00a0 navide\u00f1os, con una ornamentaci\u00f3n navide\u00f1a que se extender\u00e1 desde\u00a0 calle Senador P\u00e9rez,\u00a0 pasando por la Plaza central de la ciudad, calle Belgrano\u00a0 hasta llegar a la estaci\u00f3n de trenes\u201d.<\/p>\n<p>\u201cLa familia contar\u00e1 con dos d\u00edas, viernes y s\u00e1bado,\u00a0 desde las 10 hasta la noche, acompa\u00f1ado con espect\u00e1culos musicales, con talleres de folklore, tango, coplas, de recitados, de manera que los vecinos pasen un momento agradable, recorrer, mirar, comprar, en este mes de la Navidad\u201d.<\/p>\n","protected":false},"excerpt":{"rendered":"<p>Consultado sobre los avances organizativos de la gran feria emprendedora, el Secretario de Planificaci\u00f3n y Desarrollo de la Municipalidad de San Salvador de Jujuy, Licenciado Gustavo Muro, explic\u00f3 que\u00a0 \u201cse trata de lo que hemos logrado en este presente a\u00f1o, de\u00a0 realizar un cierre completo de las actividades de emprendedurismo,\u00a0 en el marco de la [&hellip;]<\/p>\n","protected":false},"author":1,"featured_media":7797,"comment_status":"open","ping_status":"open","sticky":false,"template":"","format":"standard","meta":{"_stopmodifiedupdate":false,"_modified_date":"","inline_featured_image":false,"spay_email":"","jetpack_publicize_message":""},"categories":[490],"tags":[],"jetpack_featured_media_url":"https:\/\/notinor.com\/jujuy\/wp-content\/uploads\/2014\/12\/Reuni\u00f3n_ciudad_emprendedora.jpg","jetpack_publicize_connections":[],"_links":{"self":[{"href":"https:\/\/notinor.com\/jujuy\/wp-json\/wp\/v2\/posts\/7796"}],"collection":[{"href":"https:\/\/notinor.com\/jujuy\/wp-json\/wp\/v2\/posts"}],"about":[{"href":"https:\/\/notinor.com\/jujuy\/wp-json\/wp\/v2\/types\/post"}],"author":[{"embeddable":true,"href":"https:\/\/notinor.com\/jujuy\/wp-json\/wp\/v2\/users\/1"}],"replies":[{"embeddable":true,"href":"https:\/\/notinor.com\/jujuy\/wp-json\/wp\/v2\/comments?post=7796"}],"version-history":[{"count":3,"href":"https:\/\/notinor.com\/jujuy\/wp-json\/wp\/v2\/posts\/7796\/revisions"}],"predecessor-version":[{"id":7800,"href":"https:\/\/notinor.com\/jujuy\/wp-json\/wp\/v2\/posts\/7796\/revisions\/7800"}],"wp:featuredmedia":[{"embeddable":true,"href":"https:\/\/notinor.com\/jujuy\/wp-json\/wp\/v2\/media\/7797"}],"wp:attachment":[{"href":"https:\/\/notinor.com\/jujuy\/wp-json\/wp\/v2\/media?parent=7796"}],"wp:term":[{"taxonomy":"category","embeddable":true,"href":"https:\/\/notinor.com\/jujuy\/wp-json\/wp\/v2\/categories?post=7796"},{"taxonomy":"post_tag","embeddable":true,"href":"https:\/\/notinor.com\/jujuy\/wp-json\/wp\/v2\/tags?post=7796"}],"curies":[{"name":"wp","href":"https:\/\/api.w.org\/{rel}","templated":true}]}}