{"id":77401,"date":"2016-06-19T03:23:54","date_gmt":"2016-06-19T06:23:54","guid":{"rendered":"http:\/\/notinor.com\/jujuy\/?p=77401"},"modified":"2016-06-19T03:29:51","modified_gmt":"2016-06-19T06:29:51","slug":"feliz-dia-del-padre-2","status":"publish","type":"post","link":"https:\/\/notinor.com\/jujuy\/feliz-dia-del-padre-2\/","title":{"rendered":"Feliz D\u00eda del Padre"},"content":{"rendered":"<p><a href=\"http:\/\/notinor.com\/jujuy\/wp-content\/uploads\/2016\/06\/feliz-dia-del-padre-poesia.jpg\"><img decoding=\"async\" loading=\"lazy\" class=\"size-full wp-image-77381 aligncenter\" src=\"http:\/\/notinor.com\/jujuy\/wp-content\/uploads\/2016\/06\/feliz-dia-del-padre-poesia.jpg\" alt=\"feliz dia del padre poesia\" width=\"420\" height=\"278\" srcset=\"https:\/\/notinor.com\/jujuy\/wp-content\/uploads\/2016\/06\/feliz-dia-del-padre-poesia.jpg 420w, https:\/\/notinor.com\/jujuy\/wp-content\/uploads\/2016\/06\/feliz-dia-del-padre-poesia-300x199.jpg 300w\" sizes=\"(max-width: 420px) 100vw, 420px\" \/><\/a><br \/>\nEl D\u00eda del Padre se celebra en muchos pa\u00edses del mundo en diferentes fechas. En Espa\u00f1a el d\u00eda elegido es el 19 de marzo, en honor a San Jos\u00e9.<\/p>\n<p>El D\u00eda del Padre se celebra el 19 de marzo, San Jos\u00e9, en Espa\u00f1a, Portugal, Italia, Honduras, Guinea Ecuatorial, Liechtenstein, Macao, Andorra y Bolivia. En la mayor\u00eda de los pa\u00edses se celebra el tercer domingo de junio, pero tambi\u00e9n hay otras fechas: en Rusia, por ejemplo, han elegido el 23 de febrero, D\u00eda de los defensores de la Patria. En Rumania es el segundo domingo de mayo y en Australia y Nueva Zelanda, el primer domingo de septiembre.<br \/>\nOrigen de la fiesta del D\u00eda del Padre<\/p>\n<p><a href=\"http:\/\/notinor.com\/jujuy\/wp-content\/uploads\/2016\/06\/feliz-dia-del-padre-hija.jpg\"><img decoding=\"async\" loading=\"lazy\" class=\"size-full wp-image-77384 aligncenter\" src=\"http:\/\/notinor.com\/jujuy\/wp-content\/uploads\/2016\/06\/feliz-dia-del-padre-hija.jpg\" alt=\"feliz dia del padre hija\" width=\"297\" height=\"378\" srcset=\"https:\/\/notinor.com\/jujuy\/wp-content\/uploads\/2016\/06\/feliz-dia-del-padre-hija.jpg 297w, https:\/\/notinor.com\/jujuy\/wp-content\/uploads\/2016\/06\/feliz-dia-del-padre-hija-236x300.jpg 236w\" sizes=\"(max-width: 297px) 100vw, 297px\" \/><\/a><\/p>\n<p>Esta celebraci\u00f3n naci\u00f3 en Estados Unidos de la gratitud de una hija, Sonora Smart Dodd, hacia su padre, un veterano de la guerra civil estadounidense llamado Henry Jackson Smart. La esposa de Henry falleci\u00f3 al dar a luz a su sexto hijo y \u00e9l cuid\u00f3 y educ\u00f3 a sus hijos sin ayuda y con todo el cari\u00f1o del mundo en una granja del estado de Washington.<\/p>\n<p>A Sonora Smart Dodd se le ocurri\u00f3 la idea de celebrar el D\u00eda del Padre mientras escuchaba un serm\u00f3n del D\u00eda de la Madre en 1909. Al principio propuso el 5 de junio, fecha del cumplea\u00f1os del se\u00f1or Smart, pero la elecci\u00f3n de la fecha no prosper\u00f3.<\/p>\n<p>La idea de instituir un 'D\u00eda del Padre', sin embargo, s\u00ed que fue ganando aceptaci\u00f3n. En 1924 el presidente Calvin Coolidge apoy\u00f3 la idea de establecer un d\u00eda nacional del padre, y en 1966 el presidente Lyndon Johnson firm\u00f3 una proclamaci\u00f3n que declaraba el tercer domingo de junio como el D\u00eda del Padre en Estados Unidos.<br \/>\n<a href=\"http:\/\/notinor.com\/jujuy\/wp-content\/uploads\/2016\/06\/feliz-dia-del-padre.jpg\"><img decoding=\"async\" loading=\"lazy\" class=\"size-full wp-image-77383 aligncenter\" src=\"http:\/\/notinor.com\/jujuy\/wp-content\/uploads\/2016\/06\/feliz-dia-del-padre.jpg\" alt=\"feliz dia del padre\" width=\"520\" height=\"300\" srcset=\"https:\/\/notinor.com\/jujuy\/wp-content\/uploads\/2016\/06\/feliz-dia-del-padre.jpg 520w, https:\/\/notinor.com\/jujuy\/wp-content\/uploads\/2016\/06\/feliz-dia-del-padre-300x173.jpg 300w\" sizes=\"(max-width: 520px) 100vw, 520px\" \/><\/a><\/p>\n<p style=\"text-align: center;\"><strong>Recuerda pap\u00e1<\/strong><\/p>\n<p style=\"text-align: center;\">Que si no juegas ahora conmigo,<br \/>\ncuando tu quieras hacerlo ya habr\u00e8 crecido.<br \/>\nQue la armon\u00eca entre t\u00f9 y mam\u00e0<br \/>\nme dar\u00e0 seguridad ante la vida y<br \/>\nhar\u00e0 de m\u00ec un triunfador o un frustrado.<br \/>\nQue de tu amor depende mi capacidad<br \/>\nde amar cuando sea adulto.<br \/>\nQue soy muy feliz cuando me llevas<br \/>\ndormido hasta mi cama.<br \/>\nQue lo que yo aprendo contigo<br \/>\nlo recordar\u00e8 toda la vida.<br \/>\nQue si oramos juntos<br \/>\naprendo a comunicarme con Dios.<br \/>\nQue el amor y respeto<br \/>\nque demuestres por nuestros semejantes<br \/>\nser\u00e0 el amor y el respeto<br \/>\nque yo les tenga cuando sea adulto.<br \/>\nQue yo tambi\u00e8n tengo intereses personales.<br \/>\nQue me gusta tomar parte en las decisiones familiares.<br \/>\nY Que te necesito como mi mejor amigo!.<\/p>\n<p style=\"text-align: center;\">Autor Anonimo<\/p>\n","protected":false},"excerpt":{"rendered":"<p>El D\u00eda del Padre se celebra en muchos pa\u00edses del mundo en diferentes fechas. En Espa\u00f1a el d\u00eda elegido es el 19 de marzo, en honor a San Jos\u00e9. El D\u00eda del Padre se celebra el 19 de marzo, San Jos\u00e9, en Espa\u00f1a, Portugal, Italia, Honduras, Guinea Ecuatorial, Liechtenstein, Macao, Andorra y Bolivia. En la [&hellip;]<\/p>\n","protected":false},"author":1,"featured_media":77385,"comment_status":"open","ping_status":"open","sticky":false,"template":"","format":"standard","meta":{"_stopmodifiedupdate":false,"_modified_date":"","inline_featured_image":false,"spay_email":"","jetpack_publicize_message":""},"categories":[2,485],"tags":[],"jetpack_featured_media_url":"https:\/\/notinor.com\/jujuy\/wp-content\/uploads\/2016\/06\/feliz-dia-del-padre-hijo.jpg","jetpack_publicize_connections":[],"_links":{"self":[{"href":"https:\/\/notinor.com\/jujuy\/wp-json\/wp\/v2\/posts\/77401"}],"collection":[{"href":"https:\/\/notinor.com\/jujuy\/wp-json\/wp\/v2\/posts"}],"about":[{"href":"https:\/\/notinor.com\/jujuy\/wp-json\/wp\/v2\/types\/post"}],"author":[{"embeddable":true,"href":"https:\/\/notinor.com\/jujuy\/wp-json\/wp\/v2\/users\/1"}],"replies":[{"embeddable":true,"href":"https:\/\/notinor.com\/jujuy\/wp-json\/wp\/v2\/comments?post=77401"}],"version-history":[{"count":2,"href":"https:\/\/notinor.com\/jujuy\/wp-json\/wp\/v2\/posts\/77401\/revisions"}],"predecessor-version":[{"id":77403,"href":"https:\/\/notinor.com\/jujuy\/wp-json\/wp\/v2\/posts\/77401\/revisions\/77403"}],"wp:featuredmedia":[{"embeddable":true,"href":"https:\/\/notinor.com\/jujuy\/wp-json\/wp\/v2\/media\/77385"}],"wp:attachment":[{"href":"https:\/\/notinor.com\/jujuy\/wp-json\/wp\/v2\/media?parent=77401"}],"wp:term":[{"taxonomy":"category","embeddable":true,"href":"https:\/\/notinor.com\/jujuy\/wp-json\/wp\/v2\/categories?post=77401"},{"taxonomy":"post_tag","embeddable":true,"href":"https:\/\/notinor.com\/jujuy\/wp-json\/wp\/v2\/tags?post=77401"}],"curies":[{"name":"wp","href":"https:\/\/api.w.org\/{rel}","templated":true}]}}