{"id":76930,"date":"2016-06-15T00:00:29","date_gmt":"2016-06-15T03:00:29","guid":{"rendered":"http:\/\/notinor.com\/jujuy\/?p=76930"},"modified":"2016-06-14T20:51:51","modified_gmt":"2016-06-14T23:51:51","slug":"francia-un-joven-que-juro-lealtad-al-isis-mato-a-dos-policias-a-punaladas","status":"publish","type":"post","link":"https:\/\/notinor.com\/jujuy\/francia-un-joven-que-juro-lealtad-al-isis-mato-a-dos-policias-a-punaladas\/","title":{"rendered":"Francia: un joven que jur\u00f3 lealtad al ISIS mat\u00f3 a dos polic\u00edas a pu\u00f1aladas"},"content":{"rendered":"<p><span style=\"line-height: 1.5;\"><a href=\"http:\/\/notinor.com\/jujuy\/wp-content\/uploads\/2016\/06\/terroristas-matapolicia.jpg\"><img decoding=\"async\" loading=\"lazy\" class=\"alignnone size-full wp-image-76931\" src=\"http:\/\/notinor.com\/jujuy\/wp-content\/uploads\/2016\/06\/terroristas-matapolicia.jpg\" alt=\"terroristas matapolicia\" width=\"600\" height=\"322\" srcset=\"https:\/\/notinor.com\/jujuy\/wp-content\/uploads\/2016\/06\/terroristas-matapolicia.jpg 600w, https:\/\/notinor.com\/jujuy\/wp-content\/uploads\/2016\/06\/terroristas-matapolicia-300x161.jpg 300w\" sizes=\"(max-width: 600px) 100vw, 600px\" \/><\/a>Fue en un suburbio al norte de Par\u00eds. El atacante fue abatido por las fuerzas especiales. Hab\u00eda reivindicado al grupo yihadista en Facebook. En su casa encontraron una lista de periodistas y personalidades para ejecutar.<\/span><\/p>\n<p>Una nueva forma de terrorismo \u201cpuerta a puerta\u201d descubri\u00f3 Francia en la medianoche del lunes, cuando dos polic\u00edas fueron ejecutados a pu\u00f1aladas por un yihadista en su casa, en un atentado ahora reivindicado por el ISIS. Larossi Aballa, un joven franc\u00e9s de 25 a\u00f1os, implicado en el 2013 en una filial yihadista vinculada a Afganist\u00e1n y Pakist\u00e1n, mat\u00f3 a Jean Baptiste Salvaing, subcomandante de la polic\u00eda de Mureaux, un suburbio al norte de Par\u00eds, y a Jesica Schneider, su pareja, tambi\u00e9n secretaria policial. Los comandos especiales consiguieron rescatar a su hijo, de solo tres a\u00f1os, y testigo traumatizado del asesinato a sus padres. Ella era secretaria administrativa en la comisar\u00eda de Mantes La Jolie, de donde proviene el islamista radical que la mat\u00f3. El hab\u00eda sido polic\u00eda en el mismo lugar.<\/p>\n<p>El asaltante fue muerto por las fuerzas especiales del RIAD. Intentaron negociar con el cuando el ni\u00f1o estaba en su interior y entraron al lugar. Larossi Abdalla hab\u00eda reivindicado el acto antes de morir, en su p\u00e1gina de Facebook. Llamaba a matar a polic\u00edas, guardias de prisi\u00f3n, periodistas y raperos y advert\u00eda que \u201cel euro ser\u00e1 un cementerio\u201d. Una referencia a la Eurocopa de f\u00fatbol que se est\u00e1 jugando en Francia. Viv\u00eda solo en su casa de Mantes la Jolie porque sus padres marroqu\u00edes hab\u00edan viajado a su pa\u00eds. Se han incautado sus tres tel\u00e9fonos. Hasta ayer una de sus l\u00edneas estaba intervenida por las escuchas judiciales pero no pudieron detectar su accionar. Al allanar la casa del asesino encontraron una lista precisa de periodistas, pol\u00edticos, cantantes y polic\u00edas a ejecutar en Francia. Dio nombres de potenciales v\u00edctimas que la polic\u00eda prefiere no difundir.<\/p>\n<p>El asaltante lleg\u00f3 a la casa del polic\u00eda a las 8 y media de la noche del lunes y se escondi\u00f3 en la puerta de entrada. Cuando el polic\u00eda entr\u00f3 al jard\u00edn, fue agredido con nueve pu\u00f1aladas. El comandante Salvaing logr\u00f3 fugar y pedir a sus vecinos que escaparan y avisaran a la polic\u00eda. El asesino lo alcanz\u00f3 nuevamente y le dio m\u00e1s pu\u00f1aladas en el pecho. Luego penetr\u00f3 en la casa, donde se encontraba Jessica, pareja del polic\u00eda atacado, y su hijo de 3 a\u00f1os. La degoll\u00f3. Los vecinos que llegaron a atender al polic\u00eda herido en la entrada escucharon gritar al atacante que \u00e9l hab\u00eda matado en nombre del ISIS. Las fuerzas especiales entraron en acci\u00f3n. Los bomberos no consiguieron reanimar al comandante.<\/p>\n<p>El procurador de la Rep\u00fablica, Fran\u00e7ois Molins, lleg\u00f3 al lugar y dio la autorizaci\u00f3n de intervenci\u00f3n. El grupo de asalto comenz\u00f3 el operativo. Hasta entonces Larossi Abbala solo quer\u00eda hablar de religi\u00f3n con los negociadores. El asaltante ten\u00eda \u201cuna l\u00f3gica suicida \u201cy \u201cning\u00fan inter\u00e9s en una negociaci\u00f3n\u201d, seg\u00fan sus interlocutores. A las 12 y dos minutos del martes se inici\u00f3 el asalto. Larossi Aballa fue muerto durante la intervenci\u00f3n. El peque\u00f1o de 3 a\u00f1os fue rescatado \u201csano y salvo\u201d por los comandos del Raid y trasladado a un hospital. Ha quedado hu\u00e9rfano.<\/p>\n<p>\u201cNosotros enfrentamos una amenaza global, con modos operativos diferentes\u201d, precis\u00f3 el ministro del Interior, Bernard Cazeneuve. Habr\u00e1 un minuto de silencio el mi\u00e9rcoles al mediod\u00eda.<\/p>\n<p>El ISIS reivindic\u00f3 el atentado. El presidente Fran\u00e7ois Hollande dijo que es un \u201cacto incontestablemente terrorista\u201d. Declar\u00f3 alerta total y pidi\u00f3 a la poblaci\u00f3n\u201d ser extremadamente cuidadosa\u201d. El asaltante habr\u00eda jurado alianza al ISIS tres semanas atr\u00e1s, seg\u00fan el procurador. Los vecinos del terrorista est\u00e1n sorprendidos, en la rue Roald Amundsen, en Mantes La Jolie, donde viv\u00eda. \u201cYo estoy azorado. Era un muchacho bien, sin historia, distribu\u00eda s\u00e1ndwiches en el barrio\u201d, cont\u00f3 Hamza, uno de sus vecinos. No frecuentaba la mezquita.<\/p>\n<p>Con la Eurocopa en marcha, el pa\u00eds en \u201calerta atentado\u201d, la condena de los pol\u00edticos floreci\u00f3. \u201cEs la Naci\u00f3n entera la que es tomada por objetivo\u201d, alert\u00f3 Nicolas Sarkozy. Marine Le Pen, la l\u00edder del Frente Nacional, denunci\u00f3 que \u201cel gobierno no protege a los franceses\u201d. Los sindicatos de la polic\u00eda requieren que \u201cel estado de urgencia se cumpla\u201d y no se autoricen manifestaciones, \u201cque distraen a las fuerzas de seguridad de su objetivo, que es la lucha contra el terrorismo\u201d.<\/p>\n","protected":false},"excerpt":{"rendered":"<p>Fue en un suburbio al norte de Par\u00eds. El atacante fue abatido por las fuerzas especiales. Hab\u00eda reivindicado al grupo yihadista en Facebook. En su casa encontraron una lista de periodistas y personalidades para ejecutar. Una nueva forma de terrorismo \u201cpuerta a puerta\u201d descubri\u00f3 Francia en la medianoche del lunes, cuando dos polic\u00edas fueron ejecutados [&hellip;]<\/p>\n","protected":false},"author":1,"featured_media":76931,"comment_status":"open","ping_status":"open","sticky":false,"template":"","format":"standard","meta":{"_stopmodifiedupdate":false,"_modified_date":"","inline_featured_image":false},"categories":[6],"tags":[],"jetpack_featured_media_url":"https:\/\/notinor.com\/jujuy\/wp-content\/uploads\/2016\/06\/terroristas-matapolicia.jpg","_links":{"self":[{"href":"https:\/\/notinor.com\/jujuy\/wp-json\/wp\/v2\/posts\/76930"}],"collection":[{"href":"https:\/\/notinor.com\/jujuy\/wp-json\/wp\/v2\/posts"}],"about":[{"href":"https:\/\/notinor.com\/jujuy\/wp-json\/wp\/v2\/types\/post"}],"author":[{"embeddable":true,"href":"https:\/\/notinor.com\/jujuy\/wp-json\/wp\/v2\/users\/1"}],"replies":[{"embeddable":true,"href":"https:\/\/notinor.com\/jujuy\/wp-json\/wp\/v2\/comments?post=76930"}],"version-history":[{"count":1,"href":"https:\/\/notinor.com\/jujuy\/wp-json\/wp\/v2\/posts\/76930\/revisions"}],"predecessor-version":[{"id":76932,"href":"https:\/\/notinor.com\/jujuy\/wp-json\/wp\/v2\/posts\/76930\/revisions\/76932"}],"wp:featuredmedia":[{"embeddable":true,"href":"https:\/\/notinor.com\/jujuy\/wp-json\/wp\/v2\/media\/76931"}],"wp:attachment":[{"href":"https:\/\/notinor.com\/jujuy\/wp-json\/wp\/v2\/media?parent=76930"}],"wp:term":[{"taxonomy":"category","embeddable":true,"href":"https:\/\/notinor.com\/jujuy\/wp-json\/wp\/v2\/categories?post=76930"},{"taxonomy":"post_tag","embeddable":true,"href":"https:\/\/notinor.com\/jujuy\/wp-json\/wp\/v2\/tags?post=76930"}],"curies":[{"name":"wp","href":"https:\/\/api.w.org\/{rel}","templated":true}]}}