{"id":76909,"date":"2016-06-15T00:00:09","date_gmt":"2016-06-15T03:00:09","guid":{"rendered":"http:\/\/notinor.com\/jujuy\/?p=76909"},"modified":"2016-06-14T19:41:22","modified_gmt":"2016-06-14T22:41:22","slug":"emergencia-social-en-materia-de-violencia-hacia-las-mujeres-las-provincias-no-pueden-permanecer-aisladas-e-ignorar-esta-problematica","status":"publish","type":"post","link":"https:\/\/notinor.com\/jujuy\/emergencia-social-en-materia-de-violencia-hacia-las-mujeres-las-provincias-no-pueden-permanecer-aisladas-e-ignorar-esta-problematica\/","title":{"rendered":"Emergencia Social en materia de Violencia hacia las mujeres: \"Las provincias no pueden permanecer aisladas e ignorar esta problem\u00e1tica\""},"content":{"rendered":"<p><a href=\"http:\/\/notinor.com\/jujuy\/wp-content\/uploads\/2016\/01\/LILIANA-FELLNER-REPUDI\u00d3-LAS-INTIMIDACIONES-DE-ORGANIZACIONES-SOCIALES-A-MEDIOS-DE-LA-PROVINCIA1.jpg\"><img decoding=\"async\" loading=\"lazy\" class=\"alignnone wp-image-59099 size-full\" src=\"http:\/\/notinor.com\/jujuy\/wp-content\/uploads\/2016\/01\/LILIANA-FELLNER-REPUDI\u00d3-LAS-INTIMIDACIONES-DE-ORGANIZACIONES-SOCIALES-A-MEDIOS-DE-LA-PROVINCIA1.jpg\" alt=\"????????????????????????????????????\" width=\"800\" height=\"530\" srcset=\"https:\/\/notinor.com\/jujuy\/wp-content\/uploads\/2016\/01\/LILIANA-FELLNER-REPUDI\u00d3-LAS-INTIMIDACIONES-DE-ORGANIZACIONES-SOCIALES-A-MEDIOS-DE-LA-PROVINCIA1.jpg 800w, https:\/\/notinor.com\/jujuy\/wp-content\/uploads\/2016\/01\/LILIANA-FELLNER-REPUDI\u00d3-LAS-INTIMIDACIONES-DE-ORGANIZACIONES-SOCIALES-A-MEDIOS-DE-LA-PROVINCIA1-300x199.jpg 300w\" sizes=\"(max-width: 800px) 100vw, 800px\" \/><\/a><\/p>\n<p>&nbsp;<\/p>\n<p>La semana pasada fue aprobado la Emergencia Social en materia de Violencia hacia las mujeres, en el Senado de la Naci\u00f3n.<\/p>\n<p>En nuestra provincia la cantidad de casos de violencia es alarmante \"lo vemos en la cantidad de denuncias que se realizan a diario y en la preocupaci\u00f3n que nos exteriorizan las mujeres y hombres que asisten cada semana a las mateadas por mi barrio.\u00a0Las provincias no pueden permanecer aisladas e ignorar esta problem\u00e1tica que se encuentra en distintos \u00e1mbitos, como el familiar o laboral. Todos los senadores coincidimos que se deben implementar acciones concretas y urgentes para proteger a las mujeres v\u00edctimas y prevenir que sigan aumentando los casos de violencia.\u00a0Es sumamente importante que la Provincia de Jujuy adhiera a esta Ley, y que comience a realizar las acciones que se proponen en este proyecto\" lo afirm\u00f3 la Senadora Liliana Fellner.<\/p>\n<p>Entre las acciones que se proponen se encuentran \"La creaci\u00f3n de centros de d\u00eda y refugios como instancias de tr\u00e1nsito para la atenci\u00f3n y albergue de las mujeres v\u00edctimas de violencia, para aquellos casos en que la permanencia en su domicilio implique una amenaza para su integridad psicof\u00edsica y sexual, y para la de sus hijos\/as;\u00a0Se les brindar\u00e1 a las mujeres v\u00edctimas la asignaci\u00f3n econ\u00f3mica para mujeres v\u00edctimas hasta tanto pueda salir de esa dependencia econ\u00f3mica que tiene con su pareja y;\u00a0La creaci\u00f3n de un sistema de alerta temprana y localizaci\u00f3n inmediata para las v\u00edctimas de violencia, en coordinaci\u00f3n con las fuerzas de seguridad federales, provinciales, municipales y los poderes judiciales locales;\u00a0Creaci\u00f3n del programa de acompa\u00f1amiento comunitario para las v\u00edctimas, para fortalecer el autovalimiento de la mujer\".<\/p>\n<p>\"Los femicidios son la consecuencia de la violencia de g\u00e9nero, son los que visibilizan los casos m\u00e1s extremos y atroces de la violencia hacia la mujer.\u00a0Por eso, Jujuy no puede estar aislado, porque los casos de violencia de g\u00e9nero existen y se deben terminar\" finaliz\u00f3.<\/p>\n","protected":false},"excerpt":{"rendered":"<p>&nbsp; La semana pasada fue aprobado la Emergencia Social en materia de Violencia hacia las mujeres, en el Senado de la Naci\u00f3n. En nuestra provincia la cantidad de casos de violencia es alarmante \"lo vemos en la cantidad de denuncias que se realizan a diario y en la preocupaci\u00f3n que nos exteriorizan las mujeres y [&hellip;]<\/p>\n","protected":false},"author":1,"featured_media":59099,"comment_status":"open","ping_status":"open","sticky":false,"template":"","format":"standard","meta":{"_stopmodifiedupdate":false,"_modified_date":"","inline_featured_image":false},"categories":[2,485],"tags":[],"jetpack_featured_media_url":"https:\/\/notinor.com\/jujuy\/wp-content\/uploads\/2016\/01\/LILIANA-FELLNER-REPUDI\u00d3-LAS-INTIMIDACIONES-DE-ORGANIZACIONES-SOCIALES-A-MEDIOS-DE-LA-PROVINCIA1.jpg","_links":{"self":[{"href":"https:\/\/notinor.com\/jujuy\/wp-json\/wp\/v2\/posts\/76909"}],"collection":[{"href":"https:\/\/notinor.com\/jujuy\/wp-json\/wp\/v2\/posts"}],"about":[{"href":"https:\/\/notinor.com\/jujuy\/wp-json\/wp\/v2\/types\/post"}],"author":[{"embeddable":true,"href":"https:\/\/notinor.com\/jujuy\/wp-json\/wp\/v2\/users\/1"}],"replies":[{"embeddable":true,"href":"https:\/\/notinor.com\/jujuy\/wp-json\/wp\/v2\/comments?post=76909"}],"version-history":[{"count":1,"href":"https:\/\/notinor.com\/jujuy\/wp-json\/wp\/v2\/posts\/76909\/revisions"}],"predecessor-version":[{"id":76911,"href":"https:\/\/notinor.com\/jujuy\/wp-json\/wp\/v2\/posts\/76909\/revisions\/76911"}],"wp:featuredmedia":[{"embeddable":true,"href":"https:\/\/notinor.com\/jujuy\/wp-json\/wp\/v2\/media\/59099"}],"wp:attachment":[{"href":"https:\/\/notinor.com\/jujuy\/wp-json\/wp\/v2\/media?parent=76909"}],"wp:term":[{"taxonomy":"category","embeddable":true,"href":"https:\/\/notinor.com\/jujuy\/wp-json\/wp\/v2\/categories?post=76909"},{"taxonomy":"post_tag","embeddable":true,"href":"https:\/\/notinor.com\/jujuy\/wp-json\/wp\/v2\/tags?post=76909"}],"curies":[{"name":"wp","href":"https:\/\/api.w.org\/{rel}","templated":true}]}}