{"id":7515,"date":"2014-12-05T07:44:20","date_gmt":"2014-12-05T07:44:20","guid":{"rendered":"http:\/\/notinor.com\/jujuy\/?p=7515"},"modified":"2014-12-05T04:04:14","modified_gmt":"2014-12-05T04:04:14","slug":"inicio-de-obras-en-el-parque-industrial-ing-snopek","status":"publish","type":"post","link":"https:\/\/notinor.com\/jujuy\/inicio-de-obras-en-el-parque-industrial-ing-snopek\/","title":{"rendered":"Inicio de obras en el Parque Industrial \u201cIng. Snopek\u201d"},"content":{"rendered":"<h4>Se trata de la apertura y enripiado de calles, construcci\u00f3n de cord\u00f3n cuneta, badenes y p\u00f3rtico de acceso, obras que\u00a0ser\u00e1n realizadas por la Cooperativa Palpal\u00e1 Trabajar Ltda.<\/h4>\n<p>En la oportunidad, seg\u00fan explic\u00f3 el Director General de Desarrollo Industrial y Comercial, Mauricio Navarro, \u201clos empresarios que adquirieron los lotes podr\u00e1n, al finalizar las obras, comenzar con las correspondientes edificaciones para la puesta en marcha de sus proyectos\u201d.<\/p>\n<p>Asimismo, Navarro record\u00f3 que este importante paso de comienzo de obras en el parque \"Ing. Carlos Snopek\" se realiza luego de la aprobaci\u00f3n de 7 proyectos de empresas juje\u00f1as para radicarse en dicho emplazamiento, generando \u201cm\u00e1s de 30 millones de pesos de inversi\u00f3n directa y 170 puestos de trabajo\u201d.<\/p>\n<p>Es importante remarcar que esta l\u00ednea de gesti\u00f3n es desarrollada por el Ministerio de Producci\u00f3n y forma parte del horizonte trazado, \u00a0a fin de potenciar la eficacia del perfil industrial juje\u00f1o, a trav\u00e9s de la instalaci\u00f3n de agrupamientos industriales y la consecuente generaci\u00f3n de empleo genuino.<\/p>\n","protected":false},"excerpt":{"rendered":"<p>Se trata de la apertura y enripiado de calles, construcci\u00f3n de cord\u00f3n cuneta, badenes y p\u00f3rtico de acceso, obras que\u00a0ser\u00e1n realizadas por la Cooperativa Palpal\u00e1 Trabajar Ltda. En la oportunidad, seg\u00fan explic\u00f3 el Director General de Desarrollo Industrial y Comercial, Mauricio Navarro, \u201clos empresarios que adquirieron los lotes podr\u00e1n, al finalizar las obras, comenzar con [&hellip;]<\/p>\n","protected":false},"author":1,"featured_media":7516,"comment_status":"open","ping_status":"open","sticky":false,"template":"","format":"standard","meta":{"_stopmodifiedupdate":false,"_modified_date":"","inline_featured_image":false,"spay_email":"","jetpack_publicize_message":""},"categories":[490],"tags":[],"jetpack_featured_media_url":"https:\/\/notinor.com\/jujuy\/wp-content\/uploads\/2014\/12\/avances_14905.jpg","jetpack_publicize_connections":[],"_links":{"self":[{"href":"https:\/\/notinor.com\/jujuy\/wp-json\/wp\/v2\/posts\/7515"}],"collection":[{"href":"https:\/\/notinor.com\/jujuy\/wp-json\/wp\/v2\/posts"}],"about":[{"href":"https:\/\/notinor.com\/jujuy\/wp-json\/wp\/v2\/types\/post"}],"author":[{"embeddable":true,"href":"https:\/\/notinor.com\/jujuy\/wp-json\/wp\/v2\/users\/1"}],"replies":[{"embeddable":true,"href":"https:\/\/notinor.com\/jujuy\/wp-json\/wp\/v2\/comments?post=7515"}],"version-history":[{"count":1,"href":"https:\/\/notinor.com\/jujuy\/wp-json\/wp\/v2\/posts\/7515\/revisions"}],"predecessor-version":[{"id":7517,"href":"https:\/\/notinor.com\/jujuy\/wp-json\/wp\/v2\/posts\/7515\/revisions\/7517"}],"wp:featuredmedia":[{"embeddable":true,"href":"https:\/\/notinor.com\/jujuy\/wp-json\/wp\/v2\/media\/7516"}],"wp:attachment":[{"href":"https:\/\/notinor.com\/jujuy\/wp-json\/wp\/v2\/media?parent=7515"}],"wp:term":[{"taxonomy":"category","embeddable":true,"href":"https:\/\/notinor.com\/jujuy\/wp-json\/wp\/v2\/categories?post=7515"},{"taxonomy":"post_tag","embeddable":true,"href":"https:\/\/notinor.com\/jujuy\/wp-json\/wp\/v2\/tags?post=7515"}],"curies":[{"name":"wp","href":"https:\/\/api.w.org\/{rel}","templated":true}]}}