{"id":7483,"date":"2014-12-05T02:17:05","date_gmt":"2014-12-05T02:17:05","guid":{"rendered":"http:\/\/notinor.com\/jujuy\/?p=7483"},"modified":"2014-12-05T02:17:05","modified_gmt":"2014-12-05T02:17:05","slug":"la-reforma-constitucional-obtiene-apoyo-de-los-caneros-independientes","status":"publish","type":"post","link":"https:\/\/notinor.com\/jujuy\/la-reforma-constitucional-obtiene-apoyo-de-los-caneros-independientes\/","title":{"rendered":"La Reforma Constitucional obtiene apoyo de los ca\u00f1eros independientes"},"content":{"rendered":"<p>En la ciudad de San Pedro, los diputados justicialistas Viviana Castillo y Marcelo Llanos, se reunieron con el presidente de la Uni\u00f3n Ca\u00f1eros Independientes de Jujuy y Salta (UCIJS), Jos\u00e9 Mar\u00eda Jure, y con la Comisi\u00f3n Directiva, para darles a conocer el proyecto de reforma parcial de la Constituci\u00f3n que plantea el Partido Justicialistas. En la ocasi\u00f3n tambi\u00e9n se dialog\u00f3 acerca de los problemas que afectan al sector ca\u00f1ero.<\/p>\n<p>La diputada Castillo explic\u00f3 que en otras provincias ya se realiz\u00f3 la reforma que plantea el P.J. para la Constituci\u00f3n provincial. Afirm\u00f3 que representantes justicialistas continuar\u00e1n visitando a las diferentes organizaciones de la sociedad civil para lograr el consenso social. Adelant\u00f3 que en las pr\u00f3ximas semanas se reunir\u00edan con los distintos partidos pol\u00edticos para plantear la propuesta.<\/p>\n<p>Respecto de este tema, el Presidente de la UCIJS destac\u00f3 que los representantes justicialistas dejaron las puertas abiertas para recibir sugerencias y opiniones. \"Nosotros analizaremos el tema y se lo comunicaremos\", agreg\u00f3.<\/p>\n<p>Durante el encuentro, la Comisi\u00f3n Directiva plante\u00f3 algunos problemas que tiene el sector, como la Ley del Mosto. En referencia al tema, la diputada Castillo afirm\u00f3 que la pr\u00f3xima semana se volver\u00e1n a reunir, con presencia de m\u00e1s productores y de otros diputados, para continuar interioriz\u00e1ndose de la problem\u00e1tica ca\u00f1era y para buscar posibles soluciones.<\/p>\n<p>&nbsp;<\/p>\n","protected":false},"excerpt":{"rendered":"<p>En la ciudad de San Pedro, los diputados justicialistas Viviana Castillo y Marcelo Llanos, se reunieron con el presidente de la Uni\u00f3n Ca\u00f1eros Independientes de Jujuy y Salta (UCIJS), Jos\u00e9 Mar\u00eda Jure, y con la Comisi\u00f3n Directiva, para darles a conocer el proyecto de reforma parcial de la Constituci\u00f3n que plantea el Partido Justicialistas. En [&hellip;]<\/p>\n","protected":false},"author":1,"featured_media":7484,"comment_status":"open","ping_status":"open","sticky":false,"template":"","format":"standard","meta":{"_stopmodifiedupdate":false,"_modified_date":"","inline_featured_image":false,"spay_email":"","jetpack_publicize_message":""},"categories":[485],"tags":[],"jetpack_featured_media_url":"https:\/\/notinor.com\/jujuy\/wp-content\/uploads\/2014\/12\/UCIJS01.jpg","jetpack_publicize_connections":[],"_links":{"self":[{"href":"https:\/\/notinor.com\/jujuy\/wp-json\/wp\/v2\/posts\/7483"}],"collection":[{"href":"https:\/\/notinor.com\/jujuy\/wp-json\/wp\/v2\/posts"}],"about":[{"href":"https:\/\/notinor.com\/jujuy\/wp-json\/wp\/v2\/types\/post"}],"author":[{"embeddable":true,"href":"https:\/\/notinor.com\/jujuy\/wp-json\/wp\/v2\/users\/1"}],"replies":[{"embeddable":true,"href":"https:\/\/notinor.com\/jujuy\/wp-json\/wp\/v2\/comments?post=7483"}],"version-history":[{"count":1,"href":"https:\/\/notinor.com\/jujuy\/wp-json\/wp\/v2\/posts\/7483\/revisions"}],"predecessor-version":[{"id":7485,"href":"https:\/\/notinor.com\/jujuy\/wp-json\/wp\/v2\/posts\/7483\/revisions\/7485"}],"wp:featuredmedia":[{"embeddable":true,"href":"https:\/\/notinor.com\/jujuy\/wp-json\/wp\/v2\/media\/7484"}],"wp:attachment":[{"href":"https:\/\/notinor.com\/jujuy\/wp-json\/wp\/v2\/media?parent=7483"}],"wp:term":[{"taxonomy":"category","embeddable":true,"href":"https:\/\/notinor.com\/jujuy\/wp-json\/wp\/v2\/categories?post=7483"},{"taxonomy":"post_tag","embeddable":true,"href":"https:\/\/notinor.com\/jujuy\/wp-json\/wp\/v2\/tags?post=7483"}],"curies":[{"name":"wp","href":"https:\/\/api.w.org\/{rel}","templated":true}]}}