{"id":748,"date":"2014-10-09T07:05:20","date_gmt":"2014-10-09T07:05:20","guid":{"rendered":"http:\/\/notinor.com\/jujuy\/?p=748"},"modified":"2014-10-09T07:05:20","modified_gmt":"2014-10-09T07:05:20","slug":"repudio-del-bloque-radical-por-los-hechos-de-violencia-en-la-municipalidad","status":"publish","type":"post","link":"https:\/\/notinor.com\/jujuy\/repudio-del-bloque-radical-por-los-hechos-de-violencia-en-la-municipalidad\/","title":{"rendered":"Repudio del bloque radical por los hechos de violencia en la municipalidad"},"content":{"rendered":"<p>Denuncia la falta de seguridad del gobierno provincial.<!--more--><\/p>\n<p>En un comunicado el bloque de diputados de la UCR repudia los hechos de violencia provocados por dirigentes del SEOM en instalaciones de la municipalidad de San Salvador de Jujuy en la ma\u00f1ana de ayer, donde fueron v\u00edctimas de agresiones dos funcionarios municipales, responsabiliza al secretario general del SEOM Carlos Santillan por los desmanes y denuncia inacci\u00f3n del gobierno provincial para contener la escalada de violencia contra el municipio capitalino.<\/p>\n<p>\u201cEl Bloque de Diputados de la Uni\u00f3n C\u00edvica Radical repudia los hechos de violencia protagonizados por integrantes del Sindicato de Empleados y Obreros Municipales en la Municipalidad de San Salvador de Jujuy, hace responsable de los mismos a su Secretario General Carlos Santill\u00e1n, denuncia la inacci\u00f3n del Gobierno Provincial que ha permitido la escalada de violencia en contra del municipio y exige una r\u00e1pida actuaci\u00f3n de la justicia.<\/p>\n<p>&nbsp;<\/p>\n<p>Integrantes del SEOM han venido atentando contra las personas de funcionarios y empleados municipales y tambi\u00e9n causando graves da\u00f1os a las instalaciones y bienes del municipio. En el d\u00eda de la fecha un grupo de delincuentes agredieron al Secretario de Gobierno Carlos Tocon\u00e1s y agredieron y lesionaron al Coordinador de Intendencia Ekel Meyer. Este hecho se suma a otros ataques de los que han sido v\u00edctimas muchos trabajadores y da\u00f1os materiales a edificios p\u00fablicos, que causaron p\u00e9rdidas millonarias al patrimonio de todos.<\/p>\n<p>&nbsp;<\/p>\n<p>Por otro lado, El SEOM, a trav\u00e9s de constantes medidas de fuerza -que no se circunscriben a la no prestaci\u00f3n de servicios sino que tambi\u00e9n impiden el trabajo de los dem\u00e1s-, ha venido procurando la paralizaci\u00f3n de la municipalidad y con ello lesionando los derechos m\u00e1s elementales de los vecinos de menores recursos, que son los que dependen de los servicios municipales (recolecci\u00f3n de residuos, iluminaci\u00f3n, control de las actividades comerciales, etc).<\/p>\n<p>&nbsp;<\/p>\n<p>Sugestivamente, con esto el SEOM ha venido colaborando en una campa\u00f1a de desprestigio del gobierno de la Provincia en contra en particular del Intendente Jorge, cuya gesti\u00f3n \u2013como es sabido- molesta mucho al oficialismo provincial.<\/p>\n<p>&nbsp;<\/p>\n<p>Tambi\u00e9n sugestivamente, el gobierno de la Provincia no ha cumplido con el deber de proteger a los trabajadores y funcionarios y a las dependencias municipales, permitiendo as\u00ed la violencia y la impunidad.<\/p>\n<p>&nbsp;<\/p>\n<p>Por todo ello:<\/p>\n<p>&nbsp;<\/p>\n<ol>\n<li>Repudiamos el accionar violento de integrantes del SEOM y en particular de su Secretario General Carlos Santill\u00e1n.<\/li>\n<\/ol>\n<p>&nbsp;<\/p>\n<ol start=\"2\">\n<li>Reclamamos la inmediata renuncia del Secretario de Seguridad y del Jefe de Polic\u00eda.<\/li>\n<\/ol>\n<p>&nbsp;<\/p>\n<ol start=\"3\">\n<li>Exigimos, en este y en todos los casos, la actuaci\u00f3n de la Justicia que debe investigar, esclarecer los hechos y castigar a los responsables inmediatos y tambi\u00e9n a los que los ordenaron o instigaron.\u201d<\/li>\n<\/ol>\n","protected":false},"excerpt":{"rendered":"<p>Denuncia la falta de seguridad del gobierno provincial.<\/p>\n","protected":false},"author":1,"featured_media":749,"comment_status":"open","ping_status":"open","sticky":false,"template":"","format":"standard","meta":{"_stopmodifiedupdate":false,"_modified_date":"","inline_featured_image":false,"spay_email":"","jetpack_publicize_message":""},"categories":[2],"tags":[19,34,83],"jetpack_featured_media_url":"https:\/\/notinor.com\/jujuy\/wp-content\/uploads\/2014\/10\/diputadoUCR_repudio_violencia_SEOM.jpg","jetpack_publicize_connections":[],"_links":{"self":[{"href":"https:\/\/notinor.com\/jujuy\/wp-json\/wp\/v2\/posts\/748"}],"collection":[{"href":"https:\/\/notinor.com\/jujuy\/wp-json\/wp\/v2\/posts"}],"about":[{"href":"https:\/\/notinor.com\/jujuy\/wp-json\/wp\/v2\/types\/post"}],"author":[{"embeddable":true,"href":"https:\/\/notinor.com\/jujuy\/wp-json\/wp\/v2\/users\/1"}],"replies":[{"embeddable":true,"href":"https:\/\/notinor.com\/jujuy\/wp-json\/wp\/v2\/comments?post=748"}],"version-history":[{"count":1,"href":"https:\/\/notinor.com\/jujuy\/wp-json\/wp\/v2\/posts\/748\/revisions"}],"predecessor-version":[{"id":750,"href":"https:\/\/notinor.com\/jujuy\/wp-json\/wp\/v2\/posts\/748\/revisions\/750"}],"wp:featuredmedia":[{"embeddable":true,"href":"https:\/\/notinor.com\/jujuy\/wp-json\/wp\/v2\/media\/749"}],"wp:attachment":[{"href":"https:\/\/notinor.com\/jujuy\/wp-json\/wp\/v2\/media?parent=748"}],"wp:term":[{"taxonomy":"category","embeddable":true,"href":"https:\/\/notinor.com\/jujuy\/wp-json\/wp\/v2\/categories?post=748"},{"taxonomy":"post_tag","embeddable":true,"href":"https:\/\/notinor.com\/jujuy\/wp-json\/wp\/v2\/tags?post=748"}],"curies":[{"name":"wp","href":"https:\/\/api.w.org\/{rel}","templated":true}]}}