{"id":7347,"date":"2014-12-04T00:56:38","date_gmt":"2014-12-04T00:56:38","guid":{"rendered":"http:\/\/notinor.com\/jujuy\/?p=7347"},"modified":"2014-12-04T01:10:16","modified_gmt":"2014-12-04T01:10:16","slug":"jornadas-de-derechos-humanos","status":"publish","type":"post","link":"https:\/\/notinor.com\/jujuy\/jornadas-de-derechos-humanos\/","title":{"rendered":"JORNADAS DE DERECHOS HUMANOS"},"content":{"rendered":"<p>Cabe destacar que dicha jornada fue organizada coordinadamente por la Direcci\u00f3n de Capacitaci\u00f3n Policial y la Secretaria de Derechos Humanos de la Provincia de Jujuy.<\/p>\n<p>La capacitaci\u00f3n, que duro dos d\u00edas, estuvo a cargo de reconocidos profesionales de gobierno nacional, entre los que se puede destacar la presencia de las profesoras Leticia Pelayo y Amanda Vi\u00f1ole, docentes de la escuela derechos humanos del ministerio de justicia y derechos de la naci\u00f3n. Como as\u00ed tambi\u00e9n de la doctora Natacha Freijo secretaria de Derechos Humanos de la provincia.<\/p>\n<p>Los ochenta asistentes y cursantes, pertenecientes a ambas fuerzas de seguridad, recibieron sus certificados al finalizar la capacitaci\u00f3n en manos del jefe de polic\u00eda comisario general Roberto Paniagua y el sub jefe Fabio Zerpa.<\/p>\n","protected":false},"excerpt":{"rendered":"<p>Cabe destacar que dicha jornada fue organizada coordinadamente por la Direcci\u00f3n de Capacitaci\u00f3n Policial y la Secretaria de Derechos Humanos de la Provincia de Jujuy. La capacitaci\u00f3n, que duro dos d\u00edas, estuvo a cargo de reconocidos profesionales de gobierno nacional, entre los que se puede destacar la presencia de las profesoras Leticia Pelayo y Amanda [&hellip;]<\/p>\n","protected":false},"author":1,"featured_media":7348,"comment_status":"open","ping_status":"open","sticky":false,"template":"","format":"standard","meta":{"_stopmodifiedupdate":false,"_modified_date":"","inline_featured_image":false,"spay_email":"","jetpack_publicize_message":""},"categories":[490],"tags":[],"jetpack_featured_media_url":"https:\/\/notinor.com\/jujuy\/wp-content\/uploads\/2014\/12\/jornada-de-derechos-humanos.jpg","jetpack_publicize_connections":[],"_links":{"self":[{"href":"https:\/\/notinor.com\/jujuy\/wp-json\/wp\/v2\/posts\/7347"}],"collection":[{"href":"https:\/\/notinor.com\/jujuy\/wp-json\/wp\/v2\/posts"}],"about":[{"href":"https:\/\/notinor.com\/jujuy\/wp-json\/wp\/v2\/types\/post"}],"author":[{"embeddable":true,"href":"https:\/\/notinor.com\/jujuy\/wp-json\/wp\/v2\/users\/1"}],"replies":[{"embeddable":true,"href":"https:\/\/notinor.com\/jujuy\/wp-json\/wp\/v2\/comments?post=7347"}],"version-history":[{"count":1,"href":"https:\/\/notinor.com\/jujuy\/wp-json\/wp\/v2\/posts\/7347\/revisions"}],"predecessor-version":[{"id":7349,"href":"https:\/\/notinor.com\/jujuy\/wp-json\/wp\/v2\/posts\/7347\/revisions\/7349"}],"wp:featuredmedia":[{"embeddable":true,"href":"https:\/\/notinor.com\/jujuy\/wp-json\/wp\/v2\/media\/7348"}],"wp:attachment":[{"href":"https:\/\/notinor.com\/jujuy\/wp-json\/wp\/v2\/media?parent=7347"}],"wp:term":[{"taxonomy":"category","embeddable":true,"href":"https:\/\/notinor.com\/jujuy\/wp-json\/wp\/v2\/categories?post=7347"},{"taxonomy":"post_tag","embeddable":true,"href":"https:\/\/notinor.com\/jujuy\/wp-json\/wp\/v2\/tags?post=7347"}],"curies":[{"name":"wp","href":"https:\/\/api.w.org\/{rel}","templated":true}]}}