{"id":7344,"date":"2014-12-04T00:55:19","date_gmt":"2014-12-04T00:55:19","guid":{"rendered":"http:\/\/notinor.com\/jujuy\/?p=7344"},"modified":"2014-12-04T00:55:19","modified_gmt":"2014-12-04T00:55:19","slug":"acto-de-ascenso-al-grado-inmediato-superior","status":"publish","type":"post","link":"https:\/\/notinor.com\/jujuy\/acto-de-ascenso-al-grado-inmediato-superior\/","title":{"rendered":"ACTO DE ASCENSO AL GRADO INMEDIATO SUPERIOR"},"content":{"rendered":"<p>La ceremonia fue precedida por el Ministro de Gobierno y Justicia doctor Alberto Miguel Matuk;<\/p>\n<p>Secretario de Gobierno doctor Juan Carlos Cardozo Traillou; Secretario de Seguridad doctor Jorge Zurueta; el Director provincial de Gesti\u00f3n de Riesgos Viales doctor Mat\u00edas Paterno; el jefe de Polic\u00eda, comisario general Roberto Paniagua, el sub-jefe de polic\u00eda, comisario general Fabio Zerpa; miembros de la Plana Mayor Policial; invitados especiales; familiares del personal policial y p\u00fablico en general.<\/p>\n<p>Luego de la presentaci\u00f3n de los efectivos en formaci\u00f3n al Jefe de Polic\u00eda, se enton\u00f3 las estrofas del \"Himno Nacional Argentino\" y a continuaci\u00f3n el seminarista Francisco Espinoza, pronunci\u00f3 una invocaci\u00f3n religiosa y posteriormente bendijo los presentes que fueron entregados oportunamente.<\/p>\n<p>Continuando con este emotivo acto se procedi\u00f3 a la entrega de Insignias y de los Decretos Ministeriales al personal recientemente promovidos al grado inmediato superior.<\/p>\n","protected":false},"excerpt":{"rendered":"<p>La ceremonia fue precedida por el Ministro de Gobierno y Justicia doctor Alberto Miguel Matuk; Secretario de Gobierno doctor Juan Carlos Cardozo Traillou; Secretario de Seguridad doctor Jorge Zurueta; el Director provincial de Gesti\u00f3n de Riesgos Viales doctor Mat\u00edas Paterno; el jefe de Polic\u00eda, comisario general Roberto Paniagua, el sub-jefe de polic\u00eda, comisario general Fabio [&hellip;]<\/p>\n","protected":false},"author":1,"featured_media":7345,"comment_status":"open","ping_status":"open","sticky":false,"template":"","format":"standard","meta":{"_stopmodifiedupdate":false,"_modified_date":"","inline_featured_image":false,"spay_email":"","jetpack_publicize_message":""},"categories":[490],"tags":[],"jetpack_featured_media_url":"https:\/\/notinor.com\/jujuy\/wp-content\/uploads\/2014\/12\/acto-de-ascenso.jpg","jetpack_publicize_connections":[],"_links":{"self":[{"href":"https:\/\/notinor.com\/jujuy\/wp-json\/wp\/v2\/posts\/7344"}],"collection":[{"href":"https:\/\/notinor.com\/jujuy\/wp-json\/wp\/v2\/posts"}],"about":[{"href":"https:\/\/notinor.com\/jujuy\/wp-json\/wp\/v2\/types\/post"}],"author":[{"embeddable":true,"href":"https:\/\/notinor.com\/jujuy\/wp-json\/wp\/v2\/users\/1"}],"replies":[{"embeddable":true,"href":"https:\/\/notinor.com\/jujuy\/wp-json\/wp\/v2\/comments?post=7344"}],"version-history":[{"count":1,"href":"https:\/\/notinor.com\/jujuy\/wp-json\/wp\/v2\/posts\/7344\/revisions"}],"predecessor-version":[{"id":7346,"href":"https:\/\/notinor.com\/jujuy\/wp-json\/wp\/v2\/posts\/7344\/revisions\/7346"}],"wp:featuredmedia":[{"embeddable":true,"href":"https:\/\/notinor.com\/jujuy\/wp-json\/wp\/v2\/media\/7345"}],"wp:attachment":[{"href":"https:\/\/notinor.com\/jujuy\/wp-json\/wp\/v2\/media?parent=7344"}],"wp:term":[{"taxonomy":"category","embeddable":true,"href":"https:\/\/notinor.com\/jujuy\/wp-json\/wp\/v2\/categories?post=7344"},{"taxonomy":"post_tag","embeddable":true,"href":"https:\/\/notinor.com\/jujuy\/wp-json\/wp\/v2\/tags?post=7344"}],"curies":[{"name":"wp","href":"https:\/\/api.w.org\/{rel}","templated":true}]}}