{"id":72430,"date":"2016-05-09T18:12:58","date_gmt":"2016-05-09T21:12:58","guid":{"rendered":"http:\/\/notinor.com\/jujuy\/?p=72430"},"modified":"2016-05-10T12:07:37","modified_gmt":"2016-05-10T15:07:37","slug":"supervacios-convocan-en-las-redes-a-un-nuevo-boicot-contra-las-subas","status":"publish","type":"post","link":"https:\/\/notinor.com\/jujuy\/supervacios-convocan-en-las-redes-a-un-nuevo-boicot-contra-las-subas\/","title":{"rendered":"#SuperVacios: convocan en las redes a un nuevo boicot contra las subas"},"content":{"rendered":"<p style=\"text-align: justify;\">Se realizar\u00e1 ma\u00f1ana en las grandes cadenas de supermercados.<\/p>\n<p style=\"text-align: justify;\"><a href=\"http:\/\/notinor.com\/jujuy\/wp-content\/uploads\/2016\/05\/0014725430.jpg\"><img decoding=\"async\" loading=\"lazy\" class=\"wp-image-72431 alignleft\" src=\"http:\/\/notinor.com\/jujuy\/wp-content\/uploads\/2016\/05\/0014725430.jpg\" alt=\"0014725430\" width=\"301\" height=\"169\" srcset=\"https:\/\/notinor.com\/jujuy\/wp-content\/uploads\/2016\/05\/0014725430.jpg 770w, https:\/\/notinor.com\/jujuy\/wp-content\/uploads\/2016\/05\/0014725430-300x169.jpg 300w, https:\/\/notinor.com\/jujuy\/wp-content\/uploads\/2016\/05\/0014725430-199x112.jpg 199w, https:\/\/notinor.com\/jujuy\/wp-content\/uploads\/2016\/05\/0014725430-616x345.jpg 616w\" sizes=\"(max-width: 301px) 100vw, 301px\" \/><\/a><\/p>\n<p style=\"text-align: justify;\">Distintas organizaciones convocaron para ma\u00f1ana martes a un nuevo boicot contra las grandes cadenas de supermercados para protestar por las recientes subas de precios que afectan a la canasta familiar. Es la segunda protesta de este tipo en un mes, ya que la primera se llev\u00f3 a cabo el 7 de abril pasado.<\/p>\n<p style=\"text-align: justify;\">Las entidades organizadoras ofrecer\u00e1n hoy a las 11 una conferencia de prensa en el hall central de la sede de la Facultad de Medicina, ubicada en calle Paraguay 2455, para brindar detalles de la protesta.<\/p>\n<p style=\"text-align: justify;\">Consumidores Libres, una de esas entidades, explic\u00f3 que la protesta bajo la consigna #SuperVac\u00edos es para denunciar que la reciente suba de 10% en el valor del combustible \"impulsada por el propio Gobierno, no har\u00e1 m\u00e1s que impulsar el incremento en los precios de los productos en general y sobre todo los que componen la canasta familiar\".<\/p>\n","protected":false},"excerpt":{"rendered":"<p>Se realizar\u00e1 ma\u00f1ana en las grandes cadenas de supermercados. Distintas organizaciones convocaron para ma\u00f1ana martes a un nuevo boicot contra las grandes cadenas de supermercados para protestar por las recientes subas de precios que afectan a la canasta familiar. Es la segunda protesta de este tipo en un mes, ya que la primera se llev\u00f3 [&hellip;]<\/p>\n","protected":false},"author":1,"featured_media":72431,"comment_status":"open","ping_status":"open","sticky":false,"template":"","format":"standard","meta":{"_stopmodifiedupdate":false,"_modified_date":"","inline_featured_image":false,"spay_email":"","jetpack_publicize_message":""},"categories":[2,16],"tags":[],"jetpack_featured_media_url":"https:\/\/notinor.com\/jujuy\/wp-content\/uploads\/2016\/05\/0014725430.jpg","jetpack_publicize_connections":[],"_links":{"self":[{"href":"https:\/\/notinor.com\/jujuy\/wp-json\/wp\/v2\/posts\/72430"}],"collection":[{"href":"https:\/\/notinor.com\/jujuy\/wp-json\/wp\/v2\/posts"}],"about":[{"href":"https:\/\/notinor.com\/jujuy\/wp-json\/wp\/v2\/types\/post"}],"author":[{"embeddable":true,"href":"https:\/\/notinor.com\/jujuy\/wp-json\/wp\/v2\/users\/1"}],"replies":[{"embeddable":true,"href":"https:\/\/notinor.com\/jujuy\/wp-json\/wp\/v2\/comments?post=72430"}],"version-history":[{"count":1,"href":"https:\/\/notinor.com\/jujuy\/wp-json\/wp\/v2\/posts\/72430\/revisions"}],"predecessor-version":[{"id":72432,"href":"https:\/\/notinor.com\/jujuy\/wp-json\/wp\/v2\/posts\/72430\/revisions\/72432"}],"wp:featuredmedia":[{"embeddable":true,"href":"https:\/\/notinor.com\/jujuy\/wp-json\/wp\/v2\/media\/72431"}],"wp:attachment":[{"href":"https:\/\/notinor.com\/jujuy\/wp-json\/wp\/v2\/media?parent=72430"}],"wp:term":[{"taxonomy":"category","embeddable":true,"href":"https:\/\/notinor.com\/jujuy\/wp-json\/wp\/v2\/categories?post=72430"},{"taxonomy":"post_tag","embeddable":true,"href":"https:\/\/notinor.com\/jujuy\/wp-json\/wp\/v2\/tags?post=72430"}],"curies":[{"name":"wp","href":"https:\/\/api.w.org\/{rel}","templated":true}]}}