{"id":7200,"date":"2014-12-03T06:32:51","date_gmt":"2014-12-03T06:32:51","guid":{"rendered":"http:\/\/notinor.com\/jujuy\/?p=7200"},"modified":"2014-12-03T12:58:57","modified_gmt":"2014-12-03T12:58:57","slug":"saludo-y-reconocimiento-municipal-a-los-medicos-que-trabajan-por-el-bien-de-los-jujenos","status":"publish","type":"post","link":"https:\/\/notinor.com\/jujuy\/saludo-y-reconocimiento-municipal-a-los-medicos-que-trabajan-por-el-bien-de-los-jujenos\/","title":{"rendered":"Reconocimiento municipal a los m\u00e9dicos que trabajan por los juje\u00f1os"},"content":{"rendered":"<p>El 3 de Diciembre es el \u201cD\u00eda del M\u00e9dico\u201d\u00a0 declarado por la Confederaci\u00f3n M\u00e9dica Panamericana, en honor al Dr. Carlos Juan Finlay Barr\u00e9s, m\u00e9dico y cient\u00edfico cubano que descubri\u00f3 que la transmisi\u00f3n de la fiebre amarilla\u00a0 ocasionada por un vector intermediario como el mosquito Aedes aegypti. La Argentina en 1956, se adhiri\u00f3 oficialmente a la conmemoraci\u00f3n, a iniciativa del Colegio M\u00e9dico de C\u00f3rdoba, avalada por la Confederaci\u00f3n M\u00e9dica Argentina y oficializada por decreto del gobierno nacional.<\/p>\n<p>En tal sentido la profesora Mar\u00eda Teresa Ferr\u00edn de Ramos, envi\u00f3 un \u201cafectuoso saludo y reconocimiento a una labor maravillosa como la de los m\u00e9dicos y m\u00e9dicas, como as\u00ed tambi\u00e9n a todos los que trabajan en el \u00e1rea de salud; \u00e1rea de salud que para nosotros es muy importante dentro del municipio de San Salvador de Jujuy por ello nuestro abrazo fraterno a los especialistas que trabajan en la Municipalidad desde la Direcci\u00f3n de Salud y Zoonosis\u201d.<\/p>\n<p>Ferr\u00edn sostuvo que, \u201ces una preocupaci\u00f3n de esta intendencia la salud, sabiendo que es fundamental primeramente la prevenci\u00f3n y promoci\u00f3n y en eso trabajamos much\u00edsimo en todas las \u00e1reas; no solo en lo que respecta a la salud, sino en todas las \u00e1reas de la Secretaria de Desarrollo Humano\u201d.<\/p>\n<p>\u201cAquel que puede prevenir \u2013continu\u00f3-, evita la enfermedad, entonces nosotros estamos abocado a ese tema, de todas formas tenemos atenci\u00f3n fundamentalmente para nuestros empleados y empleadas municipales; nuestros 13 consultorios odontol\u00f3gicos trabajan en forma gratuita para nuestra comunidad y en estos momentos como estamos en la semana del SIDA, llevamos a cabo los testeo a toda la comunidad que quiera acercarse a la Direcci\u00f3n de Salud para ver si tienen el VIH\/Sida. Fundamentalmente trabajar con la prevenci\u00f3n y promoci\u00f3n, que incluye muchas cosas como: las campa\u00f1as contra la rabia, el dengue, etc. hace a la salud de la poblaci\u00f3n de una comunidad\u201d<\/p>\n<p>Por \u00faltimo la funcionaria reiter\u00f3 el reconocimiento a los m\u00e9dicos y los agentes que trabajan\u00a0 en el \u00e1rea de salud, \u201cpor la maravillosa tarea que cumplen en bien de la persona, la familia y la comunidad, as\u00ed que valla un abrazo y saludo fraterno a los m\u00e9dicos no solo municipales sino de la provincia\u201d.<\/p>\n","protected":false},"excerpt":{"rendered":"<p>El 3 de Diciembre es el \u201cD\u00eda del M\u00e9dico\u201d\u00a0 declarado por la Confederaci\u00f3n M\u00e9dica Panamericana, en honor al Dr. Carlos Juan Finlay Barr\u00e9s, m\u00e9dico y cient\u00edfico cubano que descubri\u00f3 que la transmisi\u00f3n de la fiebre amarilla\u00a0 ocasionada por un vector intermediario como el mosquito Aedes aegypti. La Argentina en 1956, se adhiri\u00f3 oficialmente a la [&hellip;]<\/p>\n","protected":false},"author":1,"featured_media":7201,"comment_status":"open","ping_status":"open","sticky":false,"template":"","format":"standard","meta":{"_stopmodifiedupdate":false,"_modified_date":"","inline_featured_image":false,"spay_email":"","jetpack_publicize_message":""},"categories":[490],"tags":[],"jetpack_featured_media_url":"https:\/\/notinor.com\/jujuy\/wp-content\/uploads\/2014\/12\/dia-del-medico.jpg","jetpack_publicize_connections":[],"_links":{"self":[{"href":"https:\/\/notinor.com\/jujuy\/wp-json\/wp\/v2\/posts\/7200"}],"collection":[{"href":"https:\/\/notinor.com\/jujuy\/wp-json\/wp\/v2\/posts"}],"about":[{"href":"https:\/\/notinor.com\/jujuy\/wp-json\/wp\/v2\/types\/post"}],"author":[{"embeddable":true,"href":"https:\/\/notinor.com\/jujuy\/wp-json\/wp\/v2\/users\/1"}],"replies":[{"embeddable":true,"href":"https:\/\/notinor.com\/jujuy\/wp-json\/wp\/v2\/comments?post=7200"}],"version-history":[{"count":2,"href":"https:\/\/notinor.com\/jujuy\/wp-json\/wp\/v2\/posts\/7200\/revisions"}],"predecessor-version":[{"id":7229,"href":"https:\/\/notinor.com\/jujuy\/wp-json\/wp\/v2\/posts\/7200\/revisions\/7229"}],"wp:featuredmedia":[{"embeddable":true,"href":"https:\/\/notinor.com\/jujuy\/wp-json\/wp\/v2\/media\/7201"}],"wp:attachment":[{"href":"https:\/\/notinor.com\/jujuy\/wp-json\/wp\/v2\/media?parent=7200"}],"wp:term":[{"taxonomy":"category","embeddable":true,"href":"https:\/\/notinor.com\/jujuy\/wp-json\/wp\/v2\/categories?post=7200"},{"taxonomy":"post_tag","embeddable":true,"href":"https:\/\/notinor.com\/jujuy\/wp-json\/wp\/v2\/tags?post=7200"}],"curies":[{"name":"wp","href":"https:\/\/api.w.org\/{rel}","templated":true}]}}