{"id":71890,"date":"2016-05-05T09:17:09","date_gmt":"2016-05-05T12:17:09","guid":{"rendered":"http:\/\/notinor.com\/jujuy\/?p=71890"},"modified":"2016-05-05T11:43:48","modified_gmt":"2016-05-05T14:43:48","slug":"entregaron-alarmas-comunitarias-en-el-barrio-el-milagro-de-alto-comedero","status":"publish","type":"post","link":"https:\/\/notinor.com\/jujuy\/entregaron-alarmas-comunitarias-en-el-barrio-el-milagro-de-alto-comedero\/","title":{"rendered":"Entregaron alarmas comunitarias en el barrio El Milagro de Alto Comedero"},"content":{"rendered":"<p>Funcionarios provinciales realizaron la entrega de una alarma comunitaria, al centro vecinal del barrio El Milagro de Alto Comedero. Al mismo tiempo, se brind\u00f3 una charla informativa a los vecinos del sector por parte de la Secretaria de Relaciones con la Comunidad dependiente del Ministerio de Seguridad.<\/p>\n<p>Participaron el secretario de Relaciones con la Comunidad, N\u00e9stor Navarro, y los funcionarios de ese organismo, Adriano Morone, Rodrigo Navarro y Daniel Martinez. La capacitaci\u00f3n por su parte estuvo a cargo del comisario Martin Ortega y Daniel Tolaba, quienes explicaron a los asistentes el funcionamiento y buen uso de la alarma.<\/p>\n<p>Posteriormente, Navarro recibi\u00f3 las inquietudes de los vecinos en materia de seguridad y destac\u00f3 la importancia de la cooperaci\u00f3n coordinada y solidaria por parte de la comunidad en este aspecto.<\/p>\n<p>Concluyendo la capacitaci\u00f3n se hizo entrega del equipo de alarma comunitaria a la Presidente del centro vecinal.<\/p>\n","protected":false},"excerpt":{"rendered":"<p>Funcionarios provinciales realizaron la entrega de una alarma comunitaria, al centro vecinal del barrio El Milagro de Alto Comedero. Al mismo tiempo, se brind\u00f3 una charla informativa a los vecinos del sector por parte de la Secretaria de Relaciones con la Comunidad dependiente del Ministerio de Seguridad. Participaron el secretario de Relaciones con la Comunidad, [&hellip;]<\/p>\n","protected":false},"author":5,"featured_media":71891,"comment_status":"open","ping_status":"open","sticky":false,"template":"","format":"standard","meta":{"_stopmodifiedupdate":false,"_modified_date":"","inline_featured_image":false},"categories":[2],"tags":[],"jetpack_featured_media_url":"https:\/\/notinor.com\/jujuy\/wp-content\/uploads\/2016\/05\/alarma-comunitaria-.jpg","_links":{"self":[{"href":"https:\/\/notinor.com\/jujuy\/wp-json\/wp\/v2\/posts\/71890"}],"collection":[{"href":"https:\/\/notinor.com\/jujuy\/wp-json\/wp\/v2\/posts"}],"about":[{"href":"https:\/\/notinor.com\/jujuy\/wp-json\/wp\/v2\/types\/post"}],"author":[{"embeddable":true,"href":"https:\/\/notinor.com\/jujuy\/wp-json\/wp\/v2\/users\/5"}],"replies":[{"embeddable":true,"href":"https:\/\/notinor.com\/jujuy\/wp-json\/wp\/v2\/comments?post=71890"}],"version-history":[{"count":1,"href":"https:\/\/notinor.com\/jujuy\/wp-json\/wp\/v2\/posts\/71890\/revisions"}],"predecessor-version":[{"id":71892,"href":"https:\/\/notinor.com\/jujuy\/wp-json\/wp\/v2\/posts\/71890\/revisions\/71892"}],"wp:featuredmedia":[{"embeddable":true,"href":"https:\/\/notinor.com\/jujuy\/wp-json\/wp\/v2\/media\/71891"}],"wp:attachment":[{"href":"https:\/\/notinor.com\/jujuy\/wp-json\/wp\/v2\/media?parent=71890"}],"wp:term":[{"taxonomy":"category","embeddable":true,"href":"https:\/\/notinor.com\/jujuy\/wp-json\/wp\/v2\/categories?post=71890"},{"taxonomy":"post_tag","embeddable":true,"href":"https:\/\/notinor.com\/jujuy\/wp-json\/wp\/v2\/tags?post=71890"}],"curies":[{"name":"wp","href":"https:\/\/api.w.org\/{rel}","templated":true}]}}