{"id":71882,"date":"2016-05-05T01:05:24","date_gmt":"2016-05-05T04:05:24","guid":{"rendered":"http:\/\/notinor.com\/jujuy\/?p=71882"},"modified":"2016-05-05T01:07:47","modified_gmt":"2016-05-05T04:07:47","slug":"71882-2","status":"publish","type":"post","link":"https:\/\/notinor.com\/jujuy\/71882-2\/","title":{"rendered":"Va tomando forma la ExpoJuy 2016:  el escenario ser\u00e1 la Ciudad Cultural"},"content":{"rendered":"<p>\u201cLa provincia de Jujuy se prepara este a\u00f1o para desplegar todo su potencial y capitalizar su estrat\u00e9gica posici\u00f3n geogr\u00e1fica en la regi\u00f3n en el marco de la nueva etapa de nuestro pa\u00eds que ha despertado un gran inter\u00e9s en mercados internos y externos\u201d, asegur\u00f3 el presidente de la C\u00e1mara de Comercio Exterior de Jujuy, Ra\u00fal Villafa\u00f1e, tras una reuni\u00f3n con el secretario de Planificaci\u00f3n de la Provincia Ramiro Tejeda y su equipo de colaboradores.<\/p>\n<p><a href=\"http:\/\/notinor.com\/jujuy\/wp-content\/uploads\/2016\/05\/expojuy.jpg\"><img decoding=\"async\" loading=\"lazy\" class=\"alignnone size-full wp-image-71883\" src=\"http:\/\/notinor.com\/jujuy\/wp-content\/uploads\/2016\/05\/expojuy.jpg\" alt=\"expojuy\" width=\"800\" height=\"561\" srcset=\"https:\/\/notinor.com\/jujuy\/wp-content\/uploads\/2016\/05\/expojuy.jpg 800w, https:\/\/notinor.com\/jujuy\/wp-content\/uploads\/2016\/05\/expojuy-300x210.jpg 300w\" sizes=\"(max-width: 800px) 100vw, 800px\" \/><\/a><\/p>\n<p>Definieron la infraestructura necesaria con vistas a comenzar los preparativos de la nueva edici\u00f3n de la ExpoJuy 2016 prevista para octubre en el predio de la \u201cCiudad Cultural\u201d en el barrio Alto Padilla.<\/p>\n<p>Villafa\u00f1e expres\u00f3 que \u201cdesde la entidad venimos trabajando intensamente en los \u00e1mbitos: tanto regional como nacional e internacional, a trav\u00e9s de diferentes proyectos. Promoviendo iniciativas, alianzas y acuerdos comerciales y realizando gestiones con el objetivo de generar las condiciones de log\u00edstica e infraestructura necesarias a nivel regional que permitan hacer m\u00e1s competitivos los diferentes productos que ya se exportan por el Paso de Jama y los que tienen un gran potencial exportador en la regi\u00f3n\u201d.<\/p>\n<p>Una de las herramientas fundamentales que tiene la provincia es la realizaci\u00f3n de la ExpoJuy donde cada dos a\u00f1os convergen en la provincia inversores y empresarios del \u00e1mbito nacional y de otros pa\u00edses interesados por la diversidad de productos agroindustriales y las oportunidades de negocios que ofrece la regi\u00f3n.<\/p>\n<p>Por esta raz\u00f3n \u201cjunto a los ministerios de Desarrollo Econ\u00f3mico y Producci\u00f3n, y de Infraestructura, hemos comenzado a trabajar en forma conjunta y articulada en la organizaci\u00f3n de una nueva edici\u00f3n de la ExpoJuy que pretendemos sea el marco del inicio de una nueva etapa para el sector productivo y la provincia\u201d, asegur\u00f3.<\/p>\n<p>Villafa\u00f1e destac\u00f3 que \u201cla pol\u00edtica exterior est\u00e1 orientada a una clara inserci\u00f3n de Argentina en el mundo\u201d. Agreg\u00f3 que \u201cvamos a continuar fortaleciendo la clase empresarial de la provincia\u201d.<\/p>\n","protected":false},"excerpt":{"rendered":"<p>\u201cLa provincia de Jujuy se prepara este a\u00f1o para desplegar todo su potencial y capitalizar su estrat\u00e9gica posici\u00f3n geogr\u00e1fica en la regi\u00f3n en el marco de la nueva etapa de nuestro pa\u00eds que ha despertado un gran inter\u00e9s en mercados internos y externos\u201d, asegur\u00f3 el presidente de la C\u00e1mara de Comercio Exterior de Jujuy, Ra\u00fal [&hellip;]<\/p>\n","protected":false},"author":1,"featured_media":71883,"comment_status":"open","ping_status":"open","sticky":false,"template":"","format":"standard","meta":{"_stopmodifiedupdate":false,"_modified_date":"","inline_featured_image":false},"categories":[493],"tags":[],"jetpack_featured_media_url":"https:\/\/notinor.com\/jujuy\/wp-content\/uploads\/2016\/05\/expojuy.jpg","_links":{"self":[{"href":"https:\/\/notinor.com\/jujuy\/wp-json\/wp\/v2\/posts\/71882"}],"collection":[{"href":"https:\/\/notinor.com\/jujuy\/wp-json\/wp\/v2\/posts"}],"about":[{"href":"https:\/\/notinor.com\/jujuy\/wp-json\/wp\/v2\/types\/post"}],"author":[{"embeddable":true,"href":"https:\/\/notinor.com\/jujuy\/wp-json\/wp\/v2\/users\/1"}],"replies":[{"embeddable":true,"href":"https:\/\/notinor.com\/jujuy\/wp-json\/wp\/v2\/comments?post=71882"}],"version-history":[{"count":3,"href":"https:\/\/notinor.com\/jujuy\/wp-json\/wp\/v2\/posts\/71882\/revisions"}],"predecessor-version":[{"id":71886,"href":"https:\/\/notinor.com\/jujuy\/wp-json\/wp\/v2\/posts\/71882\/revisions\/71886"}],"wp:featuredmedia":[{"embeddable":true,"href":"https:\/\/notinor.com\/jujuy\/wp-json\/wp\/v2\/media\/71883"}],"wp:attachment":[{"href":"https:\/\/notinor.com\/jujuy\/wp-json\/wp\/v2\/media?parent=71882"}],"wp:term":[{"taxonomy":"category","embeddable":true,"href":"https:\/\/notinor.com\/jujuy\/wp-json\/wp\/v2\/categories?post=71882"},{"taxonomy":"post_tag","embeddable":true,"href":"https:\/\/notinor.com\/jujuy\/wp-json\/wp\/v2\/tags?post=71882"}],"curies":[{"name":"wp","href":"https:\/\/api.w.org\/{rel}","templated":true}]}}