{"id":706,"date":"2014-10-08T14:18:09","date_gmt":"2014-10-08T14:18:09","guid":{"rendered":"http:\/\/notinor.com\/jujuy\/?p=706"},"modified":"2014-10-08T14:18:09","modified_gmt":"2014-10-08T14:18:09","slug":"velazquez-ceferino-q-e-p-d","status":"publish","type":"post","link":"https:\/\/notinor.com\/jujuy\/velazquez-ceferino-q-e-p-d\/","title":{"rendered":"VELAZQUEZ Ceferino (Q.E.P.D.)"},"content":{"rendered":"<p>Falleci\u00f3 el d\u00eda \u00a007 de octubre de 2014 a hs. 13:30 . C.A.S.R. y B.P. a la edad de 76 a\u00f1os. Su esposa Guti\u00e9rrez Lucia; sus hijos Rosario, Beatriz, Lurdes y Abran Vel\u00e1zquez; hijos pol\u00edticos Gustavo, Ignacio y Pamela; sus hermanos Eliseo, Valent\u00edn, Gabriela y F\u00e9lix; sus nietos; sus bisnietos; sus sobrinos y dem\u00e1s familiares invitan a amigos y personas piadosas acompa\u00f1ar sus restos mortales hoy 08 de octubre a hs. 17:30 al cementerio de La Ovejer\u00eda . \u00a0Ruegan una oraci\u00f3n en su memorias. FAE.<\/p>\n","protected":false},"excerpt":{"rendered":"<p>Falleci\u00f3 el d\u00eda \u00a007 de octubre de 2014 a hs. 13:30 . C.A.S.R. y B.P. a la edad de 76 a\u00f1os. Su esposa Guti\u00e9rrez Lucia; sus hijos Rosario, Beatriz, Lurdes y Abran Vel\u00e1zquez; hijos pol\u00edticos Gustavo, Ignacio y Pamela; sus hermanos Eliseo, Valent\u00edn, Gabriela y F\u00e9lix; sus nietos; sus bisnietos; sus sobrinos y dem\u00e1s familiares [&hellip;]<\/p>\n","protected":false},"author":5,"featured_media":221,"comment_status":"open","ping_status":"open","sticky":false,"template":"","format":"standard","meta":{"_stopmodifiedupdate":false,"_modified_date":"","inline_featured_image":false,"spay_email":"","jetpack_publicize_message":""},"categories":[18],"tags":[],"jetpack_featured_media_url":"https:\/\/notinor.com\/jujuy\/wp-content\/uploads\/2014\/10\/Obituarios.jpg","jetpack_publicize_connections":[],"_links":{"self":[{"href":"https:\/\/notinor.com\/jujuy\/wp-json\/wp\/v2\/posts\/706"}],"collection":[{"href":"https:\/\/notinor.com\/jujuy\/wp-json\/wp\/v2\/posts"}],"about":[{"href":"https:\/\/notinor.com\/jujuy\/wp-json\/wp\/v2\/types\/post"}],"author":[{"embeddable":true,"href":"https:\/\/notinor.com\/jujuy\/wp-json\/wp\/v2\/users\/5"}],"replies":[{"embeddable":true,"href":"https:\/\/notinor.com\/jujuy\/wp-json\/wp\/v2\/comments?post=706"}],"version-history":[{"count":1,"href":"https:\/\/notinor.com\/jujuy\/wp-json\/wp\/v2\/posts\/706\/revisions"}],"predecessor-version":[{"id":707,"href":"https:\/\/notinor.com\/jujuy\/wp-json\/wp\/v2\/posts\/706\/revisions\/707"}],"wp:featuredmedia":[{"embeddable":true,"href":"https:\/\/notinor.com\/jujuy\/wp-json\/wp\/v2\/media\/221"}],"wp:attachment":[{"href":"https:\/\/notinor.com\/jujuy\/wp-json\/wp\/v2\/media?parent=706"}],"wp:term":[{"taxonomy":"category","embeddable":true,"href":"https:\/\/notinor.com\/jujuy\/wp-json\/wp\/v2\/categories?post=706"},{"taxonomy":"post_tag","embeddable":true,"href":"https:\/\/notinor.com\/jujuy\/wp-json\/wp\/v2\/tags?post=706"}],"curies":[{"name":"wp","href":"https:\/\/api.w.org\/{rel}","templated":true}]}}